{"id":962,"date":"2014-02-01T17:25:28","date_gmt":"2014-02-01T16:25:28","guid":{"rendered":"http:\/\/hembygd.junselebyar.se\/?p=962"},"modified":"2014-02-01T17:25:28","modified_gmt":"2014-02-01T16:25:28","slug":"manadens-bild-februari-2014","status":"publish","type":"post","link":"https:\/\/hembygd.junselebyar.se\/?p=962","title":{"rendered":"M\u00e5nadens bild februari 2014"},"content":{"rendered":"<p><a href=\"http:\/\/hembygd.junselebyar.se\/wp-content\/uploads\/2014\/02\/28-jan-sara-molin2.jpg\"><img loading=\"lazy\" decoding=\"async\" class=\"aligncenter size-full wp-image-963\" alt=\"28 jan sara molin\" src=\"http:\/\/hembygd.junselebyar.se\/wp-content\/uploads\/2014\/02\/28-jan-sara-molin2.jpg\" width=\"410\" height=\"526\" \/><\/a><\/p>\n<p>Ont f\u00f6rtal har funnits i alla tider. Ovanst\u00e5ende bild fanns inf\u00f6rd i Sollefte\u00e5- Bladet den\u00a028 januari 1905.<\/p>\n<p>Sara Molin f\u00f6ddes i Mo 1876 och startade 1903 bageri- och kaf\u00e9r\u00f6relse i Kr\u00e5nge. Sannolikt var hennes r\u00f6relse d\u00e5\u00a0inrymd i det hus som hyrdes av faktorn och fotografen Swanstr\u00f6m. Han hade sin fotoatelj\u00e9 p\u00e5 \u00f6verv\u00e5ningen.<\/p>\n<p>Trots att illvilliga personer 1905 f\u00f6rs\u00f6kte s\u00e4tta stopp f\u00f6r Sara gick det bra f\u00f6r henne. 1909 k\u00f6pte hon en tomt, byggde hus och d\u00e4r fortsatte hon sin r\u00f6relse. Hon var flitigt anlitad, ofta h\u00f6ll skyttef\u00f6reningen, idrottsf\u00f6reningen liksom k\u00e4gelbanef\u00f6reningen sina\u00a0m\u00f6ten och basarer hos henne. \u00c4ven danstillst\u00e4llningar f\u00f6rekom, Sara var den f\u00f6rsta i Junsele som k\u00f6pte en grammofon.<\/p>\n<p>Senare k\u00f6pte Sj\u00f6lund huset. D\u00e5 k\u00e4gelbanan revs k\u00f6ptes virket av Sj\u00f6lund som med detta byggde om Saras hus.<\/p>\n<p>\/Ulla<\/p>\n","protected":false},"excerpt":{"rendered":"<p>Ont f\u00f6rtal har funnits i alla tider. Ovanst\u00e5ende bild fanns inf\u00f6rd i Sollefte\u00e5- Bladet den\u00a028 januari 1905. Sara Molin f\u00f6ddes i Mo 1876 och startade 1903 bageri- och kaf\u00e9r\u00f6relse i Kr\u00e5nge. Sannolikt var hennes r\u00f6relse d\u00e5\u00a0inrymd i det hus som hyrdes av faktorn och fotografen Swanstr\u00f6m. Han hade sin fotoatelj\u00e9 p\u00e5 \u00f6verv\u00e5ningen. Trots att illvilliga&#8230;<\/p>\n","protected":false},"author":3,"featured_media":0,"comment_status":"open","ping_status":"open","sticky":false,"template":"","format":"standard","meta":{"footnotes":""},"categories":[9],"tags":[],"class_list":["post-962","post","type-post","status-publish","format-standard","hentry","category-manadensbild"],"_links":{"self":[{"href":"https:\/\/hembygd.junselebyar.se\/index.php?rest_route=\/wp\/v2\/posts\/962","targetHints":{"allow":["GET"]}}],"collection":[{"href":"https:\/\/hembygd.junselebyar.se\/index.php?rest_route=\/wp\/v2\/posts"}],"about":[{"href":"https:\/\/hembygd.junselebyar.se\/index.php?rest_route=\/wp\/v2\/types\/post"}],"author":[{"embeddable":true,"href":"https:\/\/hembygd.junselebyar.se\/index.php?rest_route=\/wp\/v2\/users\/3"}],"replies":[{"embeddable":true,"href":"https:\/\/hembygd.junselebyar.se\/index.php?rest_route=%2Fwp%2Fv2%2Fcomments&post=962"}],"version-history":[{"count":2,"href":"https:\/\/hembygd.junselebyar.se\/index.php?rest_route=\/wp\/v2\/posts\/962\/revisions"}],"predecessor-version":[{"id":965,"href":"https:\/\/hembygd.junselebyar.se\/index.php?rest_route=\/wp\/v2\/posts\/962\/revisions\/965"}],"wp:attachment":[{"href":"https:\/\/hembygd.junselebyar.se\/index.php?rest_route=%2Fwp%2Fv2%2Fmedia&parent=962"}],"wp:term":[{"taxonomy":"category","embeddable":true,"href":"https:\/\/hembygd.junselebyar.se\/index.php?rest_route=%2Fwp%2Fv2%2Fcategories&post=962"},{"taxonomy":"post_tag","embeddable":true,"href":"https:\/\/hembygd.junselebyar.se\/index.php?rest_route=%2Fwp%2Fv2%2Ftags&post=962"}],"curies":[{"name":"wp","href":"https:\/\/api.w.org\/{rel}","templated":true}]}}