{"id":947,"date":"2013-12-02T15:46:31","date_gmt":"2013-12-02T14:46:31","guid":{"rendered":"http:\/\/hembygd.junselebyar.se\/?p=947"},"modified":"2013-12-02T15:46:31","modified_gmt":"2013-12-02T14:46:31","slug":"manadens-bild-december-2013","status":"publish","type":"post","link":"https:\/\/hembygd.junselebyar.se\/?p=947","title":{"rendered":"M\u00e5nadens bild december 2013"},"content":{"rendered":"<p><a href=\"http:\/\/hembygd.junselebyar.se\/wp-content\/uploads\/2013\/12\/bild_21_edins-gambodarna.jpg\"><img loading=\"lazy\" decoding=\"async\" class=\"size-medium wp-image-948\" alt=\"Junsele hembygdsf\u00f6rening har f\u00e5tt en f\u00f6rtida julklapp. P\u00e5 baksidan av ovanst\u00e5ende m\u00e5lning st\u00e5r: G\u00e5va till Junsele hembygdsf\u00f6rening. Det h\u00e4r \u00e4r Edins bostuga i Gambodarna, Edsback. Till h\u00f6ger i bild syns mesegrytan. Ladug\u00e5rd och hagar har inte m\u00e5lats dit. P\u00e5 baksidan har Olof Olofsson i Kr\u00e5nge, 1780-1820, br\u00e4nt in OOS. Det framg\u00e5r dock inte n\u00e4r m\u00e5lningen gjorts. M\u00e5lningen\/ fatet har \u00e4gts av bland annat: Brita Holmqvist f\u00f6dd Edin (1920-2009), Maja Svensson (1917-1987), Margreta Svensson f\u00f6dd Edin (1885-1972), alla fr\u00e5n Kr\u00e5nge nr. 5.  2013-09-26. Olle Strandberg. Olle har \u00e4ven sk\u00e4nkt en f\u00e4bodagbok fr\u00e5n samma st\u00e4lle. Ett litat smakprov kommer h\u00e4r: I dag den 16 juli 1925 \u00e4r vi h\u00e4r i bodarna. H\u00e4rligt kaffe ha vi f\u00e5tt hos Kristina och k\u00e4rnfil v\u00e4ntar vi oss ocks\u00e5 f\u00e5. Solen skiner fr\u00e5n klarbl\u00e5 himmel. Karin Jonsson, Karin Hedberg, Sigrid fr\u00e5n H\u00e4rn\u00f6sand, Elin Olsson  Kr\u00e5nge.  Vi tackar Olle f\u00f6r de v\u00e4rdefulla g\u00e5vorna! \" src=\"http:\/\/hembygd.junselebyar.se\/wp-content\/uploads\/2013\/12\/bild_21_edins-gambodarna-630x585.jpg\" width=\"630\" height=\"585\" srcset=\"https:\/\/hembygd.junselebyar.se\/wp-content\/uploads\/2013\/12\/bild_21_edins-gambodarna-630x585.jpg 630w, https:\/\/hembygd.junselebyar.se\/wp-content\/uploads\/2013\/12\/bild_21_edins-gambodarna.jpg 1029w\" sizes=\"auto, (max-width: 630px) 100vw, 630px\" \/><\/a><\/p>\n<p>Junsele hembygdsf\u00f6rening har f\u00e5tt en f\u00f6rtida julklapp. P\u00e5 baksidan av ovanst\u00e5ende m\u00e5lning st\u00e5r:<\/p>\n<p><i>G\u00e5va till Junsele hembygdsf\u00f6rening.<\/i><\/p>\n<p><i>Det h\u00e4r \u00e4r Edins bostuga i Gambodarna, Edsback. Till h\u00f6ger i bild syns mesegrytan. Ladug\u00e5rd och hagar har inte m\u00e5lats dit.<\/i><\/p>\n<p><i>P\u00e5 baksidan har Olof Olofsson i Kr\u00e5nge, 1780-1820, br\u00e4nt in OOS. Det framg\u00e5r dock inte n\u00e4r m\u00e5lningen gjorts.<\/i><\/p>\n<p><i>M\u00e5lningen\/ fatet har \u00e4gts av bland annat: Brita Holmqvist f\u00f6dd Edin (1920-2009), Maja Svensson (1917-1987), Margreta Svensson f\u00f6dd Edin (1885-1972), alla fr\u00e5n Kr\u00e5nge nr. 5. <\/i><\/p>\n<p><i>2013-09-26. Olle Strandberg<\/i>.<\/p>\n<p>Olle har \u00e4ven sk\u00e4nkt en f\u00e4bodagbok fr\u00e5n samma st\u00e4lle. Ett litat smakprov kommer h\u00e4r:<\/p>\n<p>\u00a0<i>I dag den 16 juli 1925 \u00e4r vi h\u00e4r i bodarna. H\u00e4rligt kaffe ha vi f\u00e5tt hos Kristina och k\u00e4rnfil v\u00e4ntar vi oss ocks\u00e5 f\u00e5. Solen skiner fr\u00e5n klarbl\u00e5 himmel. Karin Jonsson, Karin Hedberg, Sigrid fr\u00e5n H\u00e4rn\u00f6sand, Elin Olsson\u00a0 Kr\u00e5nge<\/i>.<\/p>\n<p>\u00a0Vi tackar Olle f\u00f6r de v\u00e4rdefulla g\u00e5vorna!<\/p>\n<p>\/Ulla<\/p>\n<p>&nbsp;<\/p>\n<p>&nbsp;<\/p>\n<p>&nbsp;<\/p>\n","protected":false},"excerpt":{"rendered":"<p>Junsele hembygdsf\u00f6rening har f\u00e5tt en f\u00f6rtida julklapp. P\u00e5 baksidan av ovanst\u00e5ende m\u00e5lning st\u00e5r: G\u00e5va till Junsele hembygdsf\u00f6rening. Det h\u00e4r \u00e4r Edins bostuga i Gambodarna, Edsback. Till h\u00f6ger i bild syns mesegrytan. Ladug\u00e5rd och hagar har inte m\u00e5lats dit. P\u00e5 baksidan har Olof Olofsson i Kr\u00e5nge, 1780-1820, br\u00e4nt in OOS. Det framg\u00e5r dock inte n\u00e4r m\u00e5lningen&#8230;<\/p>\n","protected":false},"author":3,"featured_media":0,"comment_status":"open","ping_status":"open","sticky":false,"template":"","format":"standard","meta":{"footnotes":""},"categories":[9],"tags":[],"class_list":["post-947","post","type-post","status-publish","format-standard","hentry","category-manadensbild"],"_links":{"self":[{"href":"https:\/\/hembygd.junselebyar.se\/index.php?rest_route=\/wp\/v2\/posts\/947","targetHints":{"allow":["GET"]}}],"collection":[{"href":"https:\/\/hembygd.junselebyar.se\/index.php?rest_route=\/wp\/v2\/posts"}],"about":[{"href":"https:\/\/hembygd.junselebyar.se\/index.php?rest_route=\/wp\/v2\/types\/post"}],"author":[{"embeddable":true,"href":"https:\/\/hembygd.junselebyar.se\/index.php?rest_route=\/wp\/v2\/users\/3"}],"replies":[{"embeddable":true,"href":"https:\/\/hembygd.junselebyar.se\/index.php?rest_route=%2Fwp%2Fv2%2Fcomments&post=947"}],"version-history":[{"count":3,"href":"https:\/\/hembygd.junselebyar.se\/index.php?rest_route=\/wp\/v2\/posts\/947\/revisions"}],"predecessor-version":[{"id":951,"href":"https:\/\/hembygd.junselebyar.se\/index.php?rest_route=\/wp\/v2\/posts\/947\/revisions\/951"}],"wp:attachment":[{"href":"https:\/\/hembygd.junselebyar.se\/index.php?rest_route=%2Fwp%2Fv2%2Fmedia&parent=947"}],"wp:term":[{"taxonomy":"category","embeddable":true,"href":"https:\/\/hembygd.junselebyar.se\/index.php?rest_route=%2Fwp%2Fv2%2Fcategories&post=947"},{"taxonomy":"post_tag","embeddable":true,"href":"https:\/\/hembygd.junselebyar.se\/index.php?rest_route=%2Fwp%2Fv2%2Ftags&post=947"}],"curies":[{"name":"wp","href":"https:\/\/api.w.org\/{rel}","templated":true}]}}