{"id":941,"date":"2013-09-09T17:47:38","date_gmt":"2013-09-09T15:47:38","guid":{"rendered":"http:\/\/hembygd.junselebyar.se\/?p=941"},"modified":"2013-09-09T17:47:38","modified_gmt":"2013-09-09T15:47:38","slug":"mer-skjutbana","status":"publish","type":"post","link":"https:\/\/hembygd.junselebyar.se\/?p=941","title":{"rendered":"Mer skjutbana."},"content":{"rendered":"<p>&nbsp;<\/p>\n<p><a href=\"http:\/\/hembygd.junselebyar.se\/wp-content\/uploads\/2013\/09\/Edens_sky...jpg\"><img loading=\"lazy\" decoding=\"async\" class=\"aligncenter size-medium wp-image-942\" alt=\"Edens_sky..\" src=\"http:\/\/hembygd.junselebyar.se\/wp-content\/uploads\/2013\/09\/Edens_sky..-630x441.jpg\" width=\"630\" height=\"441\" srcset=\"https:\/\/hembygd.junselebyar.se\/wp-content\/uploads\/2013\/09\/Edens_sky..-630x441.jpg 630w, https:\/\/hembygd.junselebyar.se\/wp-content\/uploads\/2013\/09\/Edens_sky...jpg 1736w\" sizes=\"auto, (max-width: 630px) 100vw, 630px\" \/><\/a><\/p>\n<p>H\u00e4r \u00e4r en bild\u00a0fr\u00e5n skjutbanan p\u00e5 Eden. I mitten, borta vid skogskanten, ses skjuttavlan. Bilden \u00e4r sannolikt tagen\u00a0innan 1906 d\u00e5 Junsele f\u00f6rening k\u00f6pte nya, svenska\u00a0flaggor. Trots att flaggan p\u00e5 bilden \u00e4r lite suddig syns tydligt att det \u00e4r en unionsflagga. Tack till Elsie-Marie som skickat bilden till mig.<\/p>\n<p>\/Ulla<\/p>\n","protected":false},"excerpt":{"rendered":"<p>&nbsp; H\u00e4r \u00e4r en bild\u00a0fr\u00e5n skjutbanan p\u00e5 Eden. I mitten, borta vid skogskanten, ses skjuttavlan. Bilden \u00e4r sannolikt tagen\u00a0innan 1906 d\u00e5 Junsele f\u00f6rening k\u00f6pte nya, svenska\u00a0flaggor. Trots att flaggan p\u00e5 bilden \u00e4r lite suddig syns tydligt att det \u00e4r en unionsflagga. Tack till Elsie-Marie som skickat bilden till mig. \/Ulla<\/p>\n","protected":false},"author":3,"featured_media":0,"comment_status":"open","ping_status":"open","sticky":false,"template":"","format":"standard","meta":{"footnotes":""},"categories":[9],"tags":[],"class_list":["post-941","post","type-post","status-publish","format-standard","hentry","category-manadensbild"],"_links":{"self":[{"href":"https:\/\/hembygd.junselebyar.se\/index.php?rest_route=\/wp\/v2\/posts\/941","targetHints":{"allow":["GET"]}}],"collection":[{"href":"https:\/\/hembygd.junselebyar.se\/index.php?rest_route=\/wp\/v2\/posts"}],"about":[{"href":"https:\/\/hembygd.junselebyar.se\/index.php?rest_route=\/wp\/v2\/types\/post"}],"author":[{"embeddable":true,"href":"https:\/\/hembygd.junselebyar.se\/index.php?rest_route=\/wp\/v2\/users\/3"}],"replies":[{"embeddable":true,"href":"https:\/\/hembygd.junselebyar.se\/index.php?rest_route=%2Fwp%2Fv2%2Fcomments&post=941"}],"version-history":[{"count":2,"href":"https:\/\/hembygd.junselebyar.se\/index.php?rest_route=\/wp\/v2\/posts\/941\/revisions"}],"predecessor-version":[{"id":944,"href":"https:\/\/hembygd.junselebyar.se\/index.php?rest_route=\/wp\/v2\/posts\/941\/revisions\/944"}],"wp:attachment":[{"href":"https:\/\/hembygd.junselebyar.se\/index.php?rest_route=%2Fwp%2Fv2%2Fmedia&parent=941"}],"wp:term":[{"taxonomy":"category","embeddable":true,"href":"https:\/\/hembygd.junselebyar.se\/index.php?rest_route=%2Fwp%2Fv2%2Fcategories&post=941"},{"taxonomy":"post_tag","embeddable":true,"href":"https:\/\/hembygd.junselebyar.se\/index.php?rest_route=%2Fwp%2Fv2%2Ftags&post=941"}],"curies":[{"name":"wp","href":"https:\/\/api.w.org\/{rel}","templated":true}]}}