{"id":73,"date":"2010-06-01T21:23:12","date_gmt":"2010-06-01T19:23:12","guid":{"rendered":"http:\/\/hembygd.junselebyar.se\/nyheter\/?p=73"},"modified":"2010-06-01T21:23:12","modified_gmt":"2010-06-01T19:23:12","slug":"nationaldagsfirande","status":"publish","type":"post","link":"https:\/\/hembygd.junselebyar.se\/?p=73","title":{"rendered":"Nationaldagsfirande"},"content":{"rendered":"<figure id=\"attachment_74\" aria-describedby=\"caption-attachment-74\" style=\"width: 300px\" class=\"wp-caption alignnone\"><a href=\"http:\/\/hembygd.junselebyar.se\/nyheter\/wp-content\/uploads\/2010\/06\/Nationaldagen_2008.jpg\"><img loading=\"lazy\" decoding=\"async\" class=\"size-medium wp-image-74 \" title=\"Bild fr\u00e5n nationaldagen 2008\" src=\"http:\/\/hembygd.junselebyar.se\/nyheter\/wp-content\/uploads\/2010\/06\/Nationaldagen_2008-300x188.jpg\" alt=\"Bild fr\u00e5n nationaldagen 2008\" width=\"300\" height=\"188\" \/><\/a><figcaption id=\"caption-attachment-74\" class=\"wp-caption-text\">Bild fr\u00e5n nationaldagen 2008<\/figcaption><\/figure>\n<p>P\u00e5 s\u00f6ndag \u00e4r det Sveriges Nationaldag och f\u00f6r Junseles del firas den p\u00e5 Hembygdsg\u00e5rden med b\u00f6rjan kl 13.00. Programmet best\u00e5r av Micke Nordstr\u00f6m, Mansk\u00f6ren, S\u00e5ngf\u00e5glarna, dragspel, h\u00f6gtidstal, diverse \u00f6verraskningar och alla kommer att bjudas p\u00e5 hembakat fika. Arrang\u00f6r f\u00f6r \u00e5rets firande \u00e4r Junsele Medborgarkontor i samarbete med programansvarig Birgitta H\u00e4ggqvist.<\/p>\n","protected":false},"excerpt":{"rendered":"<p>P\u00e5 s\u00f6ndag \u00e4r det Sveriges Nationaldag och f\u00f6r Junseles del firas den p\u00e5 Hembygdsg\u00e5rden med b\u00f6rjan kl 13.00. Programmet best\u00e5r av Micke Nordstr\u00f6m, Mansk\u00f6ren, S\u00e5ngf\u00e5glarna, dragspel, h\u00f6gtidstal, diverse \u00f6verraskningar och alla kommer att bjudas p\u00e5 hembakat fika. Arrang\u00f6r f\u00f6r \u00e5rets firande \u00e4r Junsele Medborgarkontor i samarbete med programansvarig Birgitta H\u00e4ggqvist.<\/p>\n","protected":false},"author":4,"featured_media":0,"comment_status":"open","ping_status":"open","sticky":false,"template":"","format":"standard","meta":{"footnotes":""},"categories":[3],"tags":[],"class_list":["post-73","post","type-post","status-publish","format-standard","hentry","category-aktuellt"],"_links":{"self":[{"href":"https:\/\/hembygd.junselebyar.se\/index.php?rest_route=\/wp\/v2\/posts\/73","targetHints":{"allow":["GET"]}}],"collection":[{"href":"https:\/\/hembygd.junselebyar.se\/index.php?rest_route=\/wp\/v2\/posts"}],"about":[{"href":"https:\/\/hembygd.junselebyar.se\/index.php?rest_route=\/wp\/v2\/types\/post"}],"author":[{"embeddable":true,"href":"https:\/\/hembygd.junselebyar.se\/index.php?rest_route=\/wp\/v2\/users\/4"}],"replies":[{"embeddable":true,"href":"https:\/\/hembygd.junselebyar.se\/index.php?rest_route=%2Fwp%2Fv2%2Fcomments&post=73"}],"version-history":[{"count":0,"href":"https:\/\/hembygd.junselebyar.se\/index.php?rest_route=\/wp\/v2\/posts\/73\/revisions"}],"wp:attachment":[{"href":"https:\/\/hembygd.junselebyar.se\/index.php?rest_route=%2Fwp%2Fv2%2Fmedia&parent=73"}],"wp:term":[{"taxonomy":"category","embeddable":true,"href":"https:\/\/hembygd.junselebyar.se\/index.php?rest_route=%2Fwp%2Fv2%2Fcategories&post=73"},{"taxonomy":"post_tag","embeddable":true,"href":"https:\/\/hembygd.junselebyar.se\/index.php?rest_route=%2Fwp%2Fv2%2Ftags&post=73"}],"curies":[{"name":"wp","href":"https:\/\/api.w.org\/{rel}","templated":true}]}}