{"id":446,"date":"2011-07-28T11:18:51","date_gmt":"2011-07-28T09:18:51","guid":{"rendered":"http:\/\/hembygd.junselebyar.se\/nyheter\/?p=446"},"modified":"2011-07-28T11:18:51","modified_gmt":"2011-07-28T09:18:51","slug":"manadens-bild-augusti-2011","status":"publish","type":"post","link":"https:\/\/hembygd.junselebyar.se\/?p=446","title":{"rendered":"M\u00e5nadens bild augusti 2011"},"content":{"rendered":"<p><a rel=\"attachment wp-att-447\" href=\"http:\/\/hembygd.junselebyar.se\/nyheter\/?attachment_id=447\"><img loading=\"lazy\" decoding=\"async\" class=\"aligncenter size-medium wp-image-447\" title=\"nedervastm\u00e4rket 1683\" src=\"http:\/\/hembygd.junselebyar.se\/nyheter\/wp-content\/uploads\/2011\/07\/nedervastm\u00e4rket-1683-279x400.jpg\" alt=\"\" width=\"279\" height=\"400\" \/><\/a><\/p>\n<p>Ett av de allra \u00e4ldsta f\u00f6rem\u00e5len som finns i Junsele hembygdsf\u00f6renings \u00e4go \u00e4r en stubbe. Tr\u00e4slaget \u00e4r ovisst, kanske \u00e4r det en tall, och p\u00e5 tv\u00e5 sidor av stammen finns bl\u00e4ckor. I den ena bl\u00e4ckan \u00e4r \u00e5rtalet 1683 inskurit. Stubben kom till hembygdsg\u00e5rden genom Magnus Jonsson, f\u00f6dd 1854 p\u00e5 Eden. Var han fann den \u00e4r ok\u00e4nt d\u00e4remot vet vi att han fann den 1895. Stubben signerades d\u00e5 med M I 1895.<\/p>\n<p>Vad \u00e4r det f\u00f6r stubbe? Vad h\u00e4nde 1683 och vad var det man ville markera? Sannolikt \u00e4r det en gr\u00e4nsmarkering, en r\u00e5g\u00e5ng. Sj\u00e4lva ordet r\u00e5 betyder st\u00e5ng, allts\u00e5 ett m\u00e4rke p\u00e5 marken som visar en gr\u00e4nslinje mellan socknar, mellan byamarker och s\u00e5 vidare. Landskapslagarna talar om <em>sten<\/em>, <em>mark<\/em>, <em>merki<\/em> eller <em>r\u00e5<\/em>.<\/p>\n<p>1682 fick guvern\u00f6ren \u00f6ver V\u00e4sternorrland anmodan av staten om att avskilja de v\u00e4sternorrl\u00e4ndska allm\u00e4nningsmarkerna fr\u00e5n byskogarna. Staten ville veta hur mycket skog det fanns och var den skog l\u00e5g som kunde disponeras f\u00f6r anslag \u00e5t j\u00e4rnbruken.<\/p>\n<p>Kan stubben s\u00e4ttas in i detta sammanhang? Ja, kanske. \u00c5r 1703 ritades en karta \u00f6ver byskogarna som gr\u00e4nsade till allm\u00e4nningarna i Junsele. En av gr\u00e4nserna g\u00e5r fr\u00e5n Rost\u00e5n, rakt \u00f6ver G\u00e4rdselet och vidare upp till Kortingvattnet. Ett stycke fr\u00e5n G\u00e4rdselet blir det ett kn\u00e4 p\u00e5 gr\u00e4nslinjen och kartan visar att det gjordes ett fast m\u00e4rke h\u00e4r. M\u00e4rket fick namnet Nedervastm\u00e4rket. Vast, i r\u00e5m\u00e4rkents namn, kommer fr\u00e5n fornsvenskan och betyder tingsvittne. Nedervastm\u00e4rket borde allts\u00e5 betyda det <em>\u201dnedre m\u00e4rket som fastslogs p\u00e5 tinget\u201d.<\/em> Kanske \u00e4r v\u00e5r stubbe just detta m\u00e4rke.<\/p>\n<p>Namnet fanns kvar i junselebornas minne s\u00e5 sent som 1932 d\u00e5 det gjordes en landsm\u00e5lsinventering i socknen. Vem minns namnet idag?<\/p>\n<p>\/Ulla<\/p>\n<p><strong>\u00a0<\/strong><\/p>\n<p><strong>\u00a0<\/strong><\/p>\n<p><strong>\u00a0<\/strong><\/p>\n<p><strong>\u00a0<\/strong><\/p>\n<p><strong>\u00a0<\/strong><\/p>\n","protected":false},"excerpt":{"rendered":"<p>Ett av de allra \u00e4ldsta f\u00f6rem\u00e5len som finns i Junsele hembygdsf\u00f6renings \u00e4go \u00e4r en stubbe. Tr\u00e4slaget \u00e4r ovisst, kanske \u00e4r det en tall, och p\u00e5 tv\u00e5 sidor av stammen finns bl\u00e4ckor. I den ena bl\u00e4ckan \u00e4r \u00e5rtalet 1683 inskurit. Stubben kom till hembygdsg\u00e5rden genom Magnus Jonsson, f\u00f6dd 1854 p\u00e5 Eden. Var han fann den \u00e4r&#8230;<\/p>\n","protected":false},"author":4,"featured_media":0,"comment_status":"open","ping_status":"open","sticky":false,"template":"","format":"standard","meta":{"footnotes":""},"categories":[9],"tags":[],"class_list":["post-446","post","type-post","status-publish","format-standard","hentry","category-manadensbild"],"_links":{"self":[{"href":"https:\/\/hembygd.junselebyar.se\/index.php?rest_route=\/wp\/v2\/posts\/446","targetHints":{"allow":["GET"]}}],"collection":[{"href":"https:\/\/hembygd.junselebyar.se\/index.php?rest_route=\/wp\/v2\/posts"}],"about":[{"href":"https:\/\/hembygd.junselebyar.se\/index.php?rest_route=\/wp\/v2\/types\/post"}],"author":[{"embeddable":true,"href":"https:\/\/hembygd.junselebyar.se\/index.php?rest_route=\/wp\/v2\/users\/4"}],"replies":[{"embeddable":true,"href":"https:\/\/hembygd.junselebyar.se\/index.php?rest_route=%2Fwp%2Fv2%2Fcomments&post=446"}],"version-history":[{"count":0,"href":"https:\/\/hembygd.junselebyar.se\/index.php?rest_route=\/wp\/v2\/posts\/446\/revisions"}],"wp:attachment":[{"href":"https:\/\/hembygd.junselebyar.se\/index.php?rest_route=%2Fwp%2Fv2%2Fmedia&parent=446"}],"wp:term":[{"taxonomy":"category","embeddable":true,"href":"https:\/\/hembygd.junselebyar.se\/index.php?rest_route=%2Fwp%2Fv2%2Fcategories&post=446"},{"taxonomy":"post_tag","embeddable":true,"href":"https:\/\/hembygd.junselebyar.se\/index.php?rest_route=%2Fwp%2Fv2%2Ftags&post=446"}],"curies":[{"name":"wp","href":"https:\/\/api.w.org\/{rel}","templated":true}]}}