{"id":438,"date":"2011-06-30T07:45:50","date_gmt":"2011-06-30T05:45:50","guid":{"rendered":"http:\/\/hembygd.junselebyar.se\/nyheter\/?p=438"},"modified":"2011-06-30T07:45:50","modified_gmt":"2011-06-30T05:45:50","slug":"manadens-bild-juli-2011","status":"publish","type":"post","link":"https:\/\/hembygd.junselebyar.se\/?p=438","title":{"rendered":"M\u00e5nadens bild juli 2011."},"content":{"rendered":"<p><a rel=\"attachment wp-att-439\" href=\"http:\/\/hembygd.junselebyar.se\/nyheter\/?attachment_id=439\"><img loading=\"lazy\" decoding=\"async\" class=\"aligncenter size-medium wp-image-439\" title=\"k\u00f6pmang_1920\" src=\"http:\/\/hembygd.junselebyar.se\/nyheter\/wp-content\/uploads\/2011\/06\/k\u00f6pmang_1920-400x276.jpg\" alt=\"\" width=\"400\" height=\"276\" \/><\/a><\/p>\n<p>Alltsedan medeltiden fungerade landsbygdens kyrkbacke som m\u00f6tesplats f\u00f6r sockenborna. Kyrkbacken var platsen f\u00f6r s\u00e5v\u00e4l handel och som f\u00f6r offentliga kung\u00f6relser.<\/p>\n<p>Senare, under industrialismens f\u00f6rsta \u00e5rtionden, flyttades m\u00f6tesplatserna fr\u00e5n kyrkbacken till de fria ytorna mellan k\u00f6pm\u00e4nnens handelsbodar och hantverkarnas verkst\u00e4der: till torget.<\/p>\n<p>Torget blev, s\u00e5 att s\u00e4ga, medborgarnas offentliga rum. H\u00e4r ventilerades allt fr\u00e5n skvaller till kommunala \u00e4renden.<\/p>\n<p>P\u00e5 fotografiet ser vi Handelsplatsen i Kr\u00e5nge vid 1920-talets slut. Fr\u00e4mst i bild\u00a0st\u00e5r anslagstavlan f\u00f6r offentlig annonsering. Bakom den syns bakdelen p\u00e5 en bil, kanske en T-Ford?\u00a0 Bilen har stannat vid pumpen f\u00f6r att fylla p\u00e5 bensin. En skylt p\u00e5 bageriets v\u00e4gg annonserar att det \u00e4r Pratts bensin som s\u00e4ljs. Mitt emot, p\u00e5 fotots v\u00e4nstra sida, finns \u00e4nnu en pump. Det \u00e4r fotogenpumpen till alla de otaliga, osande lampor som fortfarande\u00a0anv\u00e4nds i hemmen.<\/p>\n<p>Mellan pumparna st\u00e5r en buss med sl\u00e4p. Kanske \u00e4r det postbussen som fraktat varor och post fr\u00e5n den nedre \u00e5dalen. Det \u00e4r mycket folk i r\u00f6relse, till st\u00f6rsta delen m\u00e4n. Var h\u00f6ll kvinnorna hus? Det syns bara tv\u00e5 p\u00e5 fotografiet.<\/p>\n<p>\u00a0\u00c5r 1897 skrev Sollefte\u00e5bladet f\u00f6ljande ord om Kr\u00e5nges centrum:<\/p>\n<p>\u00a0<em>\u201dJunsele g\u00e5r fram\u00e5t! \u00c5 en areal omkring 90 meter l\u00e5ng och 40 meter bred finnas ej mindre \u00e4n 4 diversehandlare, 1 manufakturhandlare, 1 fj\u00e4rdingsman, 1 skomakare, 2 stickerskor, 1 urmakare, 4 skr\u00e4ddare, 1 kapps\u00f6mmerska samt ett bageri och sodavattenfabrik. D\u00e5 s\u00e4mjan \u00e4r god, \u00e4r rummet stort\u2026\u201d<\/em><\/p>\n<p>Enligt Sveriges K\u00f6pmannaf\u00f6rbund 1950 skulle en v\u00e4l utvecklad centralplats ha butiker, samlingssal, konditori, bibliotek och biograf vid torget. Och sannerligen, nog var Kr\u00e5nge en v\u00e4l utvecklad centralplats.<\/p>\n<p>\/Ulla<\/p>\n","protected":false},"excerpt":{"rendered":"<p>Alltsedan medeltiden fungerade landsbygdens kyrkbacke som m\u00f6tesplats f\u00f6r sockenborna. Kyrkbacken var platsen f\u00f6r s\u00e5v\u00e4l handel och som f\u00f6r offentliga kung\u00f6relser. Senare, under industrialismens f\u00f6rsta \u00e5rtionden, flyttades m\u00f6tesplatserna fr\u00e5n kyrkbacken till de fria ytorna mellan k\u00f6pm\u00e4nnens handelsbodar och hantverkarnas verkst\u00e4der: till torget. Torget blev, s\u00e5 att s\u00e4ga, medborgarnas offentliga rum. H\u00e4r ventilerades allt fr\u00e5n skvaller till&#8230;<\/p>\n","protected":false},"author":4,"featured_media":0,"comment_status":"open","ping_status":"open","sticky":false,"template":"","format":"standard","meta":{"footnotes":""},"categories":[3,9],"tags":[],"class_list":["post-438","post","type-post","status-publish","format-standard","hentry","category-aktuellt","category-manadensbild"],"_links":{"self":[{"href":"https:\/\/hembygd.junselebyar.se\/index.php?rest_route=\/wp\/v2\/posts\/438","targetHints":{"allow":["GET"]}}],"collection":[{"href":"https:\/\/hembygd.junselebyar.se\/index.php?rest_route=\/wp\/v2\/posts"}],"about":[{"href":"https:\/\/hembygd.junselebyar.se\/index.php?rest_route=\/wp\/v2\/types\/post"}],"author":[{"embeddable":true,"href":"https:\/\/hembygd.junselebyar.se\/index.php?rest_route=\/wp\/v2\/users\/4"}],"replies":[{"embeddable":true,"href":"https:\/\/hembygd.junselebyar.se\/index.php?rest_route=%2Fwp%2Fv2%2Fcomments&post=438"}],"version-history":[{"count":0,"href":"https:\/\/hembygd.junselebyar.se\/index.php?rest_route=\/wp\/v2\/posts\/438\/revisions"}],"wp:attachment":[{"href":"https:\/\/hembygd.junselebyar.se\/index.php?rest_route=%2Fwp%2Fv2%2Fmedia&parent=438"}],"wp:term":[{"taxonomy":"category","embeddable":true,"href":"https:\/\/hembygd.junselebyar.se\/index.php?rest_route=%2Fwp%2Fv2%2Fcategories&post=438"},{"taxonomy":"post_tag","embeddable":true,"href":"https:\/\/hembygd.junselebyar.se\/index.php?rest_route=%2Fwp%2Fv2%2Ftags&post=438"}],"curies":[{"name":"wp","href":"https:\/\/api.w.org\/{rel}","templated":true}]}}