{"id":426,"date":"2011-06-27T15:19:06","date_gmt":"2011-06-27T13:19:06","guid":{"rendered":"http:\/\/hembygd.junselebyar.se\/nyheter\/?p=426"},"modified":"2011-06-27T15:19:06","modified_gmt":"2011-06-27T13:19:06","slug":"kuriosa","status":"publish","type":"post","link":"https:\/\/hembygd.junselebyar.se\/?p=426","title":{"rendered":"Kuriosa"},"content":{"rendered":"<p><a rel=\"attachment wp-att-427\" href=\"http:\/\/hembygd.junselebyar.se\/nyheter\/?attachment_id=427\"><img loading=\"lazy\" decoding=\"async\" class=\"aligncenter size-medium wp-image-427\" title=\"flagga junsele kommun\" src=\"http:\/\/hembygd.junselebyar.se\/nyheter\/wp-content\/uploads\/2011\/06\/flagga-junsele-kommun-400x298.jpg\" alt=\"\" width=\"400\" height=\"298\" \/><\/a><\/p>\n<p>Under midsommarhelgen har Junsele gamla kommunflagga \u00e5terigen vajat f\u00f6r vinden. Det var fyrtio \u00e5r sedan sist och denna g\u00e5ng hissades\u00a0flaggan p\u00e5 hembygdsg\u00e5rden.<\/p>\n<p>Fr\u00e5n 1 januari 1863 fram till 1971 hette socknen vi bor i\u00a0Junsele landskommun. Vapnet, som \u00e4r en barkspade, fastst\u00e4lldes av Kungl. Maj:t i januari 1959.<\/p>\n<p>Flaggan finns idag i Junsele hembygdsf\u00f6renings \u00e4go och kanske dr\u00f6jer det ytterligare fyrtio \u00e5r innan den luftas igen.<\/p>\n<p>\/Ulla<\/p>\n","protected":false},"excerpt":{"rendered":"<p>Under midsommarhelgen har Junsele gamla kommunflagga \u00e5terigen vajat f\u00f6r vinden. Det var fyrtio \u00e5r sedan sist och denna g\u00e5ng hissades\u00a0flaggan p\u00e5 hembygdsg\u00e5rden. Fr\u00e5n 1 januari 1863 fram till 1971 hette socknen vi bor i\u00a0Junsele landskommun. Vapnet, som \u00e4r en barkspade, fastst\u00e4lldes av Kungl. Maj:t i januari 1959. Flaggan finns idag i Junsele hembygdsf\u00f6renings \u00e4go och&#8230;<\/p>\n","protected":false},"author":4,"featured_media":0,"comment_status":"open","ping_status":"open","sticky":false,"template":"","format":"standard","meta":{"footnotes":""},"categories":[3],"tags":[],"class_list":["post-426","post","type-post","status-publish","format-standard","hentry","category-aktuellt"],"_links":{"self":[{"href":"https:\/\/hembygd.junselebyar.se\/index.php?rest_route=\/wp\/v2\/posts\/426","targetHints":{"allow":["GET"]}}],"collection":[{"href":"https:\/\/hembygd.junselebyar.se\/index.php?rest_route=\/wp\/v2\/posts"}],"about":[{"href":"https:\/\/hembygd.junselebyar.se\/index.php?rest_route=\/wp\/v2\/types\/post"}],"author":[{"embeddable":true,"href":"https:\/\/hembygd.junselebyar.se\/index.php?rest_route=\/wp\/v2\/users\/4"}],"replies":[{"embeddable":true,"href":"https:\/\/hembygd.junselebyar.se\/index.php?rest_route=%2Fwp%2Fv2%2Fcomments&post=426"}],"version-history":[{"count":0,"href":"https:\/\/hembygd.junselebyar.se\/index.php?rest_route=\/wp\/v2\/posts\/426\/revisions"}],"wp:attachment":[{"href":"https:\/\/hembygd.junselebyar.se\/index.php?rest_route=%2Fwp%2Fv2%2Fmedia&parent=426"}],"wp:term":[{"taxonomy":"category","embeddable":true,"href":"https:\/\/hembygd.junselebyar.se\/index.php?rest_route=%2Fwp%2Fv2%2Fcategories&post=426"},{"taxonomy":"post_tag","embeddable":true,"href":"https:\/\/hembygd.junselebyar.se\/index.php?rest_route=%2Fwp%2Fv2%2Ftags&post=426"}],"curies":[{"name":"wp","href":"https:\/\/api.w.org\/{rel}","templated":true}]}}