{"id":410,"date":"2011-06-06T17:53:39","date_gmt":"2011-06-06T15:53:39","guid":{"rendered":"http:\/\/hembygd.junselebyar.se\/nyheter\/?p=410"},"modified":"2011-06-06T17:53:39","modified_gmt":"2011-06-06T15:53:39","slug":"nationaldagen-2011","status":"publish","type":"post","link":"https:\/\/hembygd.junselebyar.se\/?p=410","title":{"rendered":"Nationaldagen 2011."},"content":{"rendered":"<p><a rel=\"attachment wp-att-412\" href=\"http:\/\/hembygd.junselebyar.se\/nyheter\/?attachment_id=412\"><img loading=\"lazy\" decoding=\"async\" class=\"aligncenter size-medium wp-image-412\" title=\"nationaldagen_\u00e5r 2011\" src=\"http:\/\/hembygd.junselebyar.se\/nyheter\/wp-content\/uploads\/2011\/06\/nationaldagen_\u00e5r-20111-400x289.jpg\" alt=\"\" width=\"400\" height=\"289\" \/><\/a>Nationaldagsfirande p\u00e5 Junsele hembygdsg\u00e5rd 2011. Cirka 250 personer lyssnade till S\u00e5ngf\u00e5glarna, Junsele mansk\u00f6r och trubaduren Emil Asseg\u00e5rd fr\u00e5n Undrom. Dessutom underh\u00f6ll Kent Ingelsson tillsammans med Nils- Arne, Kicki och Marie.<\/p>\n<p>Priset \u00c5rets unga entrepren\u00f6r utdelades till fris\u00f6ren\u00a0Anja Gottfridsson.<\/p>\n<p>D\u00e4refter \u00e5ts hembakad t\u00e5rta med kaffe eller saft i det vackra v\u00e4dret.<\/p>\n<p>\/Ulla<\/p>\n","protected":false},"excerpt":{"rendered":"<p>Nationaldagsfirande p\u00e5 Junsele hembygdsg\u00e5rd 2011. Cirka 250 personer lyssnade till S\u00e5ngf\u00e5glarna, Junsele mansk\u00f6r och trubaduren Emil Asseg\u00e5rd fr\u00e5n Undrom. Dessutom underh\u00f6ll Kent Ingelsson tillsammans med Nils- Arne, Kicki och Marie. Priset \u00c5rets unga entrepren\u00f6r utdelades till fris\u00f6ren\u00a0Anja Gottfridsson. D\u00e4refter \u00e5ts hembakad t\u00e5rta med kaffe eller saft i det vackra v\u00e4dret. \/Ulla<\/p>\n","protected":false},"author":4,"featured_media":0,"comment_status":"open","ping_status":"open","sticky":false,"template":"","format":"standard","meta":{"footnotes":""},"categories":[3],"tags":[],"class_list":["post-410","post","type-post","status-publish","format-standard","hentry","category-aktuellt"],"_links":{"self":[{"href":"https:\/\/hembygd.junselebyar.se\/index.php?rest_route=\/wp\/v2\/posts\/410","targetHints":{"allow":["GET"]}}],"collection":[{"href":"https:\/\/hembygd.junselebyar.se\/index.php?rest_route=\/wp\/v2\/posts"}],"about":[{"href":"https:\/\/hembygd.junselebyar.se\/index.php?rest_route=\/wp\/v2\/types\/post"}],"author":[{"embeddable":true,"href":"https:\/\/hembygd.junselebyar.se\/index.php?rest_route=\/wp\/v2\/users\/4"}],"replies":[{"embeddable":true,"href":"https:\/\/hembygd.junselebyar.se\/index.php?rest_route=%2Fwp%2Fv2%2Fcomments&post=410"}],"version-history":[{"count":0,"href":"https:\/\/hembygd.junselebyar.se\/index.php?rest_route=\/wp\/v2\/posts\/410\/revisions"}],"wp:attachment":[{"href":"https:\/\/hembygd.junselebyar.se\/index.php?rest_route=%2Fwp%2Fv2%2Fmedia&parent=410"}],"wp:term":[{"taxonomy":"category","embeddable":true,"href":"https:\/\/hembygd.junselebyar.se\/index.php?rest_route=%2Fwp%2Fv2%2Fcategories&post=410"},{"taxonomy":"post_tag","embeddable":true,"href":"https:\/\/hembygd.junselebyar.se\/index.php?rest_route=%2Fwp%2Fv2%2Ftags&post=410"}],"curies":[{"name":"wp","href":"https:\/\/api.w.org\/{rel}","templated":true}]}}