{"id":403,"date":"2011-05-29T12:35:00","date_gmt":"2011-05-29T10:35:00","guid":{"rendered":"http:\/\/hembygd.junselebyar.se\/nyheter\/?p=403"},"modified":"2011-05-29T12:35:00","modified_gmt":"2011-05-29T10:35:00","slug":"manadens-bild-juni-2011","status":"publish","type":"post","link":"https:\/\/hembygd.junselebyar.se\/?p=403","title":{"rendered":"M\u00e5nadens bild juni 2011."},"content":{"rendered":"<p><a rel=\"attachment wp-att-404\" href=\"http:\/\/hembygd.junselebyar.se\/nyheter\/?attachment_id=404\"><img decoding=\"async\" class=\"aligncenter size-full wp-image-404\" title=\"1915 landsh\u00f6vding str\u00f6m i junsele\" src=\"http:\/\/hembygd.junselebyar.se\/nyheter\/wp-content\/uploads\/2011\/05\/1915-landsh\u00f6vding-str\u00f6m-i-junsele.bmp\" alt=\"\" \/><\/a><\/p>\n<p>\u00c5ret \u00e4r\u00a01915. P\u00e5 det nya \u00e5rets allra f\u00f6rsta dag s\u00e4nker en tysk ub\u00e5t det brittiska slagskeppet Formidable utanf\u00f6r Englands kust. Det \u00e4r krig i v\u00e4rlden, ett krig som senare skulle kallas det f\u00f6rsta v\u00e4rldskriget i historieb\u00f6ckerna.<\/p>\n<p>\u00a0Hur m\u00e5nga Junselebor som t\u00e4nkte p\u00e5 kriget denna sommardag vet vi inte. Sannolikt \u00e4r att de allra flesta gl\u00f6mde det f\u00f6r en dag eller tv\u00e5, det var ju storbes\u00f6k i socknen. Landsh\u00f6vding Carl Mattias Str\u00f6m var p\u00e5 bes\u00f6k. Anledningen till bes\u00f6ket var den p\u00e5b\u00f6rjade j\u00e4rnv\u00e4gsdragningen mellan Forsmo och Hoting.<\/p>\n<p>\u00a0Bilen p\u00e5 fotografiet st\u00e5r parkerad p\u00e5 A. Th. Swanstr\u00f6ms g\u00e5rdsplan. H\u00e4r, i Swanstr\u00f6ms tr\u00e4dg\u00e5rd, hade en ingenj\u00f6r Berg\u00f6 byggt upp en modell av \u00c5ngerman\u00e4lven med t\u00e4nkbara j\u00e4rnv\u00e4gsbroar med mera. Det var detta som landsh\u00f6vdingen diskuterat vid sitt bes\u00f6k. Det skulle dock dr\u00f6ja \u00e4nnu tio \u00e5r till innan j\u00e4rnv\u00e4gen drogs genom socknen. D\u00e5 var kriget slut och man kunde \u00e5ter r\u00f6ra sig fritt ute i Europa.<\/p>\n<p>\u00a0Nog f\u00f6rundrades deltagarna som denna dag bes\u00f6kte Swanstr\u00f6ms tr\u00e4dg\u00e5rd. T\u00e4nk att kliva p\u00e5 t\u00e5get och vips, strax var man n\u00e5gon annan stans! Men, var tog modellen av \u00e4lven v\u00e4gen?<\/p>\n<p>\/Ulla<\/p>\n","protected":false},"excerpt":{"rendered":"<p>\u00c5ret \u00e4r\u00a01915. P\u00e5 det nya \u00e5rets allra f\u00f6rsta dag s\u00e4nker en tysk ub\u00e5t det brittiska slagskeppet Formidable utanf\u00f6r Englands kust. Det \u00e4r krig i v\u00e4rlden, ett krig som senare skulle kallas det f\u00f6rsta v\u00e4rldskriget i historieb\u00f6ckerna. \u00a0Hur m\u00e5nga Junselebor som t\u00e4nkte p\u00e5 kriget denna sommardag vet vi inte. Sannolikt \u00e4r att de allra flesta gl\u00f6mde&#8230;<\/p>\n","protected":false},"author":4,"featured_media":0,"comment_status":"open","ping_status":"open","sticky":false,"template":"","format":"standard","meta":{"footnotes":""},"categories":[3,9],"tags":[],"class_list":["post-403","post","type-post","status-publish","format-standard","hentry","category-aktuellt","category-manadensbild"],"_links":{"self":[{"href":"https:\/\/hembygd.junselebyar.se\/index.php?rest_route=\/wp\/v2\/posts\/403","targetHints":{"allow":["GET"]}}],"collection":[{"href":"https:\/\/hembygd.junselebyar.se\/index.php?rest_route=\/wp\/v2\/posts"}],"about":[{"href":"https:\/\/hembygd.junselebyar.se\/index.php?rest_route=\/wp\/v2\/types\/post"}],"author":[{"embeddable":true,"href":"https:\/\/hembygd.junselebyar.se\/index.php?rest_route=\/wp\/v2\/users\/4"}],"replies":[{"embeddable":true,"href":"https:\/\/hembygd.junselebyar.se\/index.php?rest_route=%2Fwp%2Fv2%2Fcomments&post=403"}],"version-history":[{"count":0,"href":"https:\/\/hembygd.junselebyar.se\/index.php?rest_route=\/wp\/v2\/posts\/403\/revisions"}],"wp:attachment":[{"href":"https:\/\/hembygd.junselebyar.se\/index.php?rest_route=%2Fwp%2Fv2%2Fmedia&parent=403"}],"wp:term":[{"taxonomy":"category","embeddable":true,"href":"https:\/\/hembygd.junselebyar.se\/index.php?rest_route=%2Fwp%2Fv2%2Fcategories&post=403"},{"taxonomy":"post_tag","embeddable":true,"href":"https:\/\/hembygd.junselebyar.se\/index.php?rest_route=%2Fwp%2Fv2%2Ftags&post=403"}],"curies":[{"name":"wp","href":"https:\/\/api.w.org\/{rel}","templated":true}]}}