{"id":363,"date":"2011-05-21T13:29:09","date_gmt":"2011-05-21T11:29:09","guid":{"rendered":"http:\/\/hembygd.junselebyar.se\/nyheter\/?p=363"},"modified":"2011-05-21T13:29:09","modified_gmt":"2011-05-21T11:29:09","slug":"tack-till-tradgardsforeningen-maskrosen","status":"publish","type":"post","link":"https:\/\/hembygd.junselebyar.se\/?p=363","title":{"rendered":"Tack till tr\u00e4dg\u00e5rdsf\u00f6reningen Maskrosen!"},"content":{"rendered":"<p><a rel=\"attachment wp-att-364\" href=\"http:\/\/hembygd.junselebyar.se\/nyheter\/?attachment_id=364\"><img loading=\"lazy\" decoding=\"async\" class=\"aligncenter size-medium wp-image-364\" title=\"rabatt klar 1\" src=\"http:\/\/hembygd.junselebyar.se\/nyheter\/wp-content\/uploads\/2011\/05\/rabatt-klar-1-400x293.jpg\" alt=\"\" width=\"400\" height=\"293\" \/><\/a><\/p>\n<p>Nu \u00e4r planteringen vid mang\u00e5rdsbyggnaden klar. S\u00e5 fint det blev! Vi i f\u00f6reningen s\u00e4ger ett stort tack till tr\u00e4dg\u00e5rdsf\u00f6reningen Maskrosen. \/Ulla<\/p>\n","protected":false},"excerpt":{"rendered":"<p>Nu \u00e4r planteringen vid mang\u00e5rdsbyggnaden klar. S\u00e5 fint det blev! Vi i f\u00f6reningen s\u00e4ger ett stort tack till tr\u00e4dg\u00e5rdsf\u00f6reningen Maskrosen. \/Ulla<\/p>\n","protected":false},"author":4,"featured_media":0,"comment_status":"open","ping_status":"open","sticky":false,"template":"","format":"standard","meta":{"footnotes":""},"categories":[3],"tags":[],"class_list":["post-363","post","type-post","status-publish","format-standard","hentry","category-aktuellt"],"_links":{"self":[{"href":"https:\/\/hembygd.junselebyar.se\/index.php?rest_route=\/wp\/v2\/posts\/363","targetHints":{"allow":["GET"]}}],"collection":[{"href":"https:\/\/hembygd.junselebyar.se\/index.php?rest_route=\/wp\/v2\/posts"}],"about":[{"href":"https:\/\/hembygd.junselebyar.se\/index.php?rest_route=\/wp\/v2\/types\/post"}],"author":[{"embeddable":true,"href":"https:\/\/hembygd.junselebyar.se\/index.php?rest_route=\/wp\/v2\/users\/4"}],"replies":[{"embeddable":true,"href":"https:\/\/hembygd.junselebyar.se\/index.php?rest_route=%2Fwp%2Fv2%2Fcomments&post=363"}],"version-history":[{"count":0,"href":"https:\/\/hembygd.junselebyar.se\/index.php?rest_route=\/wp\/v2\/posts\/363\/revisions"}],"wp:attachment":[{"href":"https:\/\/hembygd.junselebyar.se\/index.php?rest_route=%2Fwp%2Fv2%2Fmedia&parent=363"}],"wp:term":[{"taxonomy":"category","embeddable":true,"href":"https:\/\/hembygd.junselebyar.se\/index.php?rest_route=%2Fwp%2Fv2%2Fcategories&post=363"},{"taxonomy":"post_tag","embeddable":true,"href":"https:\/\/hembygd.junselebyar.se\/index.php?rest_route=%2Fwp%2Fv2%2Ftags&post=363"}],"curies":[{"name":"wp","href":"https:\/\/api.w.org\/{rel}","templated":true}]}}