{"id":342,"date":"2011-04-25T17:38:58","date_gmt":"2011-04-25T15:38:58","guid":{"rendered":"http:\/\/hembygd.junselebyar.se\/nyheter\/?p=342"},"modified":"2011-04-25T17:38:58","modified_gmt":"2011-04-25T15:38:58","slug":"manadens-bild-maj-2011","status":"publish","type":"post","link":"https:\/\/hembygd.junselebyar.se\/?p=342","title":{"rendered":"M\u00e5nadens bild maj 2011."},"content":{"rendered":"<p><a rel=\"attachment wp-att-343\" href=\"http:\/\/hembygd.junselebyar.se\/nyheter\/?attachment_id=343\"><img loading=\"lazy\" decoding=\"async\" class=\"aligncenter size-medium wp-image-343\" title=\"ransoneringskort 1916\" src=\"http:\/\/hembygd.junselebyar.se\/nyheter\/wp-content\/uploads\/2011\/04\/ransoneringskort-1916-400x268.jpg\" alt=\"\" width=\"400\" height=\"268\" \/><\/a><\/p>\n<p>En kvinna tillsammans med tretton m\u00e4n runt ett bord. P\u00e5 v\u00e4ggen h\u00e4nger Axel Gerdins oljetryck av Mo gamla kyrka. En palm st\u00e5r i f\u00f6nstret och den tillsammans med de fabriksgjorda m\u00f6blerna, de tryckta tapeterna och fotogenlampan med v\u00e4lputsade prismor visar att industrialismen har b\u00f6rjat pr\u00e4gla landsortens hemmilj\u00f6.<\/p>\n<p>Det \u00e4r h\u00f6sten 1916 och ute i Europa rasar det f\u00f6rsta v\u00e4rldskriget. Bilden \u00e4r tagen hemma hos Oscar Jonsson i Kr\u00e5nge och personerna p\u00e5 bilden tillh\u00f6r livsmedelsn\u00e4mnden i Junsele kommun.<\/p>\n<p>Importen av livsmedel hade f\u00f6rs\u00e4mrats markant i takt med krigets utveckling, levnadskostnaderna steg och m\u00e5nga m\u00e4nniskor hade det knapert, v\u00e4ldigt knapert. Till r\u00e5ga p\u00e5 allt hade sk\u00f6rden av r\u00e5g och potatis under sommaren blivit svag och vintern varade \u00e4nda in i april 1917, det var kris i landet Sverige.<\/p>\n<p>Staten inf\u00f6rde d\u00e5 en kortsiktig l\u00f6sning: ransonering. Id\u00e9n f\u00f6r ransoneringen var att den begr\u00e4nsade m\u00e4ngd varor som fanns att tillg\u00e5 skulle f\u00f6rdelas r\u00e4ttvist bland befolkningen. H\u00f6sten 1916 ransonerades socker, d\u00e4refter f\u00f6ljde ransonering av br\u00f6d och mj\u00f6l.<\/p>\n<p>Hungern drev m\u00e4nniskorna ut p\u00e5 gator och torg med kravaller som f\u00f6ljd. Nere i \u00c5dalen letade arbetarna igenom b\u00f6ndernas f\u00f6rr\u00e5d och uthus i jakt p\u00e5 g\u00f6mda livsmedel. Hur var denna tid i Junsele? Br\u00f6t det ut hungerkravaller \u00e4ven h\u00e4r? Kanske n\u00e5gon l\u00e4sare vet besked d\u00e4rom.<\/p>\n<p>Fotot visar, som sagt, livsmedelsn\u00e4mnden i f\u00e4rd med att f\u00f6rdela ransoneringskort till befolkningen i Junsele socken h\u00f6sten 1916. Fotograf: Petter Jonsson.<\/p>\n<p>\/Ulla<\/p>\n","protected":false},"excerpt":{"rendered":"<p>En kvinna tillsammans med tretton m\u00e4n runt ett bord. P\u00e5 v\u00e4ggen h\u00e4nger Axel Gerdins oljetryck av Mo gamla kyrka. En palm st\u00e5r i f\u00f6nstret och den tillsammans med de fabriksgjorda m\u00f6blerna, de tryckta tapeterna och fotogenlampan med v\u00e4lputsade prismor visar att industrialismen har b\u00f6rjat pr\u00e4gla landsortens hemmilj\u00f6. Det \u00e4r h\u00f6sten 1916 och ute i Europa&#8230;<\/p>\n","protected":false},"author":4,"featured_media":0,"comment_status":"open","ping_status":"open","sticky":false,"template":"","format":"standard","meta":{"footnotes":""},"categories":[3,9],"tags":[],"class_list":["post-342","post","type-post","status-publish","format-standard","hentry","category-aktuellt","category-manadensbild"],"_links":{"self":[{"href":"https:\/\/hembygd.junselebyar.se\/index.php?rest_route=\/wp\/v2\/posts\/342","targetHints":{"allow":["GET"]}}],"collection":[{"href":"https:\/\/hembygd.junselebyar.se\/index.php?rest_route=\/wp\/v2\/posts"}],"about":[{"href":"https:\/\/hembygd.junselebyar.se\/index.php?rest_route=\/wp\/v2\/types\/post"}],"author":[{"embeddable":true,"href":"https:\/\/hembygd.junselebyar.se\/index.php?rest_route=\/wp\/v2\/users\/4"}],"replies":[{"embeddable":true,"href":"https:\/\/hembygd.junselebyar.se\/index.php?rest_route=%2Fwp%2Fv2%2Fcomments&post=342"}],"version-history":[{"count":0,"href":"https:\/\/hembygd.junselebyar.se\/index.php?rest_route=\/wp\/v2\/posts\/342\/revisions"}],"wp:attachment":[{"href":"https:\/\/hembygd.junselebyar.se\/index.php?rest_route=%2Fwp%2Fv2%2Fmedia&parent=342"}],"wp:term":[{"taxonomy":"category","embeddable":true,"href":"https:\/\/hembygd.junselebyar.se\/index.php?rest_route=%2Fwp%2Fv2%2Fcategories&post=342"},{"taxonomy":"post_tag","embeddable":true,"href":"https:\/\/hembygd.junselebyar.se\/index.php?rest_route=%2Fwp%2Fv2%2Ftags&post=342"}],"curies":[{"name":"wp","href":"https:\/\/api.w.org\/{rel}","templated":true}]}}