{"id":335,"date":"2011-04-21T19:10:30","date_gmt":"2011-04-21T17:10:30","guid":{"rendered":"http:\/\/hembygd.junselebyar.se\/nyheter\/?p=335"},"modified":"2011-04-21T19:10:30","modified_gmt":"2011-04-21T17:10:30","slug":"glad-pask-2","status":"publish","type":"post","link":"https:\/\/hembygd.junselebyar.se\/?p=335","title":{"rendered":"Glad P\u00e5sk!"},"content":{"rendered":"<p><a rel=\"attachment wp-att-336\" href=\"http:\/\/hembygd.junselebyar.se\/nyheter\/?attachment_id=336\"><img loading=\"lazy\" decoding=\"async\" class=\"aligncenter size-medium wp-image-336\" title=\"hans \u00e5manm\u00e5lning\" src=\"http:\/\/hembygd.junselebyar.se\/nyheter\/wp-content\/uploads\/2011\/04\/hans-\u00e5manm\u00e5lning-314x400.jpg\" alt=\"\" width=\"314\" height=\"400\" \/><\/a><\/p>\n<p style=\"text-align: center;\">Med en liten m\u00e5lning av Hans \u00c5hman 1924\u00a0och dikten \u00c5ngermanland skriven av Johan Peter Wallin vill vi i hembygdsf\u00f6reningen \u00f6nska alla en Glad P\u00e5sk!<\/p>\n<p style=\"text-align: center;\"><span style=\"text-decoration: underline;\">\u00c5ngermanland<\/span>.<\/p>\n<p style=\"text-align: center;\">Aldrig jag s\u00e5g i mitt liv och dr\u00f6m<\/p>\n<p style=\"text-align: center;\">v\u00e4nare trakt upp\u00e5 jorden.<\/p>\n<p style=\"text-align: center;\">F\u00e4denebygd med din h\u00e4rliga str\u00f6m,<\/p>\n<p style=\"text-align: center;\">sk\u00f6naste \u00e4lv uti Norden;<\/p>\n<p style=\"text-align: center;\">D\u00e4lder med pass mellan nipor vid strand,<\/p>\n<p style=\"text-align: center;\">g\u00e5rdar och f\u00e4lt upptill skogarnas rand,<\/p>\n<p style=\"text-align: center;\">\u00c5ngermanland.<\/p>\n<p style=\"text-align: center;\">\u00a0<\/p>\n<p style=\"text-align: center;\">Barndomens minnen i oskuldens dr\u00e4kt<\/p>\n<p style=\"text-align: center;\">sk\u00e4nka mig ljuvaste f\u00e4gring,<\/p>\n<p style=\"text-align: center;\">syner med \u00e4nglar och regnb\u00e5gesl\u00e4kt,<\/p>\n<p style=\"text-align: center;\">dr\u00f6ja \u00e4nnu i din h\u00e4gring.<\/p>\n<p style=\"text-align: center;\">D\u00e4rf\u00f6r du t\u00e4nder mitt hj\u00e4rta i brand,<\/p>\n<p style=\"text-align: center;\">f\u00e4ngslar min sj\u00e4l och f\u00f6rtrollningens band,<\/p>\n<p style=\"text-align: center;\">\u00c5ngermanland.<\/p>\n<p style=\"text-align: center;\">\u00a0<\/p>\n<p style=\"text-align: center;\">Vinkar mig ej en lycksalighets\u00f6<\/p>\n<p style=\"text-align: center;\">d\u00e4r med sitt doft ifr\u00e5n Eden?<\/p>\n<p style=\"text-align: center;\">D\u00e4r fr\u00e5n mitt hem vid bl\u00e5nade sj\u00f6<\/p>\n<p style=\"text-align: center;\">ned\u00e5t till \u00e4lven gick f\u00e4rden.<\/p>\n<p style=\"text-align: center;\">Skj\u00e4lp dina forsar och v\u00e5gorna \u2013<\/p>\n<p style=\"text-align: center;\">mitt i alla v\u00e4xling best\u00e4ndigt dig sj\u00e4lv,<\/p>\n<p style=\"text-align: center;\">\u00c5ngermanland.<\/p>\n<p style=\"text-align: center;\">\/Ulla<\/p>\n<p style=\"text-align: center;\">\u00a0<\/p>\n","protected":false},"excerpt":{"rendered":"<p>Med en liten m\u00e5lning av Hans \u00c5hman 1924\u00a0och dikten \u00c5ngermanland skriven av Johan Peter Wallin vill vi i hembygdsf\u00f6reningen \u00f6nska alla en Glad P\u00e5sk! \u00c5ngermanland. Aldrig jag s\u00e5g i mitt liv och dr\u00f6m v\u00e4nare trakt upp\u00e5 jorden. F\u00e4denebygd med din h\u00e4rliga str\u00f6m, sk\u00f6naste \u00e4lv uti Norden; D\u00e4lder med pass mellan nipor vid strand, g\u00e5rdar och&#8230;<\/p>\n","protected":false},"author":4,"featured_media":0,"comment_status":"open","ping_status":"open","sticky":false,"template":"","format":"standard","meta":{"footnotes":""},"categories":[3],"tags":[],"class_list":["post-335","post","type-post","status-publish","format-standard","hentry","category-aktuellt"],"_links":{"self":[{"href":"https:\/\/hembygd.junselebyar.se\/index.php?rest_route=\/wp\/v2\/posts\/335","targetHints":{"allow":["GET"]}}],"collection":[{"href":"https:\/\/hembygd.junselebyar.se\/index.php?rest_route=\/wp\/v2\/posts"}],"about":[{"href":"https:\/\/hembygd.junselebyar.se\/index.php?rest_route=\/wp\/v2\/types\/post"}],"author":[{"embeddable":true,"href":"https:\/\/hembygd.junselebyar.se\/index.php?rest_route=\/wp\/v2\/users\/4"}],"replies":[{"embeddable":true,"href":"https:\/\/hembygd.junselebyar.se\/index.php?rest_route=%2Fwp%2Fv2%2Fcomments&post=335"}],"version-history":[{"count":0,"href":"https:\/\/hembygd.junselebyar.se\/index.php?rest_route=\/wp\/v2\/posts\/335\/revisions"}],"wp:attachment":[{"href":"https:\/\/hembygd.junselebyar.se\/index.php?rest_route=%2Fwp%2Fv2%2Fmedia&parent=335"}],"wp:term":[{"taxonomy":"category","embeddable":true,"href":"https:\/\/hembygd.junselebyar.se\/index.php?rest_route=%2Fwp%2Fv2%2Fcategories&post=335"},{"taxonomy":"post_tag","embeddable":true,"href":"https:\/\/hembygd.junselebyar.se\/index.php?rest_route=%2Fwp%2Fv2%2Ftags&post=335"}],"curies":[{"name":"wp","href":"https:\/\/api.w.org\/{rel}","templated":true}]}}