{"id":267,"date":"2010-12-25T13:13:21","date_gmt":"2010-12-25T12:13:21","guid":{"rendered":"http:\/\/hembygd.junselebyar.se\/nyheter\/?p=267"},"modified":"2010-12-25T13:13:21","modified_gmt":"2010-12-25T12:13:21","slug":"manadens-bild-januari-2011","status":"publish","type":"post","link":"https:\/\/hembygd.junselebyar.se\/?p=267","title":{"rendered":"M\u00e5nadens bild januari 2011"},"content":{"rendered":"<p><img loading=\"lazy\" decoding=\"async\" class=\"alignnone size-medium wp-image-268\" title=\"karl eriksson, foto p k\" src=\"http:\/\/hembygd.junselebyar.se\/nyheter\/wp-content\/uploads\/2010\/12\/karl-eriksson-foto-p-k-286x400.jpg\" alt=\"karl eriksson, foto p k\" width=\"286\" height=\"400\" \/><\/p>\n<p>En pojke p\u00e5 sin spark. Sannerligen, \u00e4r det inte en riktig vinterbild. Fotografen Peter Jonsson f\u00f6revigade pojken n\u00e5gon g\u00e5ng under de f\u00f6rsta vintrarna p\u00e5 1920-talet i Lilleg\u00e5rd, i Junsele i \u00c5ngermanland.<\/p>\n<p>\u00a0Det \u00e4r en idyllisk bild s\u00e5 vem t\u00e4nker d\u00e5 p\u00e5 krig och vem t\u00e4nker p\u00e5 att sparken ocks\u00e5 anv\u00e4ndes i milit\u00e4ra sammanhang?\u00a0 I tidningen V\u00e4sterbotten, \u00e5r 1892, kunde man dock l\u00e4sa f\u00f6ljande:<\/p>\n<p>\u00a0<em>\u201dD\u00e5 volont\u00e4rskolan i Hern\u00f6sand drog ut p\u00e5 sin sedvanliga man\u00f6fver f\u00e4rdades den fr\u00e4msta truppafvdelningen p\u00e5 det f\u00f6r alla norrl\u00e4nningar v\u00e4lbekanta fordonet \u203asparkst\u00f6tting\u203a, som nu f\u00f6r f\u00f6rsta g\u00e5ngen pr\u00f6fvades f\u00f6r krigs\u00e4ndam\u00e5l.\u201d<\/em><\/p>\n<p>\u00a0Dessutom fanns spark\u00e5kning som t\u00e4vlingsgren under de f\u00f6rsta upplagorna av Nordiska Spelen i Stockholm med b\u00f6rjan \u00e5r 1901.<\/p>\n<p>\u00a0De f\u00f6rsta sparkarna bestod av tv\u00e5 l\u00e5nga medar med var sin uppr\u00e4ttst\u00e5ende st\u00f6tta. Man \u00e5kte genom att h\u00e5lla i st\u00f6ttorna, eller i tv\u00e4rstaget om s\u00e5dant fanns, och med en pendelr\u00f6relse sparka med ena benet. D\u00e4rav namnet: sparkst\u00f6tting.<\/p>\n<p>\u00a0De f\u00f6rsta sparkarna hade medar av tr\u00e4 som vallades med tj\u00e4ra f\u00f6r att g\u00e5 l\u00e4ttare i stark kyla.<\/p>\n<p>\u00a0Pojken p\u00e5 sparken heter Johan Eriksson, f\u00f6dd i Lilleg\u00e5rd 1920, och yngsta barn till Karl Eriksson. Kanske \u00e4r sparken byggd hemma, dess konstruktion liknar mycket en timmerdonings. St\u00f6ttorna \u00e4r raka och fint svarvade och under sitsen h\u00e4nger en liten pingla.<\/p>\n<p>\u00a0Pling, pling! Det skulle h\u00f6ras n\u00e4r sparken n\u00e4rmade sig!<\/p>\n<p>\/Ulla<\/p>\n","protected":false},"excerpt":{"rendered":"<p>En pojke p\u00e5 sin spark. Sannerligen, \u00e4r det inte en riktig vinterbild. Fotografen Peter Jonsson f\u00f6revigade pojken n\u00e5gon g\u00e5ng under de f\u00f6rsta vintrarna p\u00e5 1920-talet i Lilleg\u00e5rd, i Junsele i \u00c5ngermanland. \u00a0Det \u00e4r en idyllisk bild s\u00e5 vem t\u00e4nker d\u00e5 p\u00e5 krig och vem t\u00e4nker p\u00e5 att sparken ocks\u00e5 anv\u00e4ndes i milit\u00e4ra sammanhang?\u00a0 I tidningen&#8230;<\/p>\n","protected":false},"author":4,"featured_media":0,"comment_status":"open","ping_status":"open","sticky":false,"template":"","format":"standard","meta":{"footnotes":""},"categories":[9],"tags":[],"class_list":["post-267","post","type-post","status-publish","format-standard","hentry","category-manadensbild"],"_links":{"self":[{"href":"https:\/\/hembygd.junselebyar.se\/index.php?rest_route=\/wp\/v2\/posts\/267","targetHints":{"allow":["GET"]}}],"collection":[{"href":"https:\/\/hembygd.junselebyar.se\/index.php?rest_route=\/wp\/v2\/posts"}],"about":[{"href":"https:\/\/hembygd.junselebyar.se\/index.php?rest_route=\/wp\/v2\/types\/post"}],"author":[{"embeddable":true,"href":"https:\/\/hembygd.junselebyar.se\/index.php?rest_route=\/wp\/v2\/users\/4"}],"replies":[{"embeddable":true,"href":"https:\/\/hembygd.junselebyar.se\/index.php?rest_route=%2Fwp%2Fv2%2Fcomments&post=267"}],"version-history":[{"count":0,"href":"https:\/\/hembygd.junselebyar.se\/index.php?rest_route=\/wp\/v2\/posts\/267\/revisions"}],"wp:attachment":[{"href":"https:\/\/hembygd.junselebyar.se\/index.php?rest_route=%2Fwp%2Fv2%2Fmedia&parent=267"}],"wp:term":[{"taxonomy":"category","embeddable":true,"href":"https:\/\/hembygd.junselebyar.se\/index.php?rest_route=%2Fwp%2Fv2%2Fcategories&post=267"},{"taxonomy":"post_tag","embeddable":true,"href":"https:\/\/hembygd.junselebyar.se\/index.php?rest_route=%2Fwp%2Fv2%2Ftags&post=267"}],"curies":[{"name":"wp","href":"https:\/\/api.w.org\/{rel}","templated":true}]}}