{"id":257,"date":"2010-11-28T11:02:12","date_gmt":"2010-11-28T10:02:12","guid":{"rendered":"http:\/\/hembygd.junselebyar.se\/nyheter\/?p=257"},"modified":"2010-11-28T11:02:12","modified_gmt":"2010-11-28T10:02:12","slug":"manadens-bild-december","status":"publish","type":"post","link":"https:\/\/hembygd.junselebyar.se\/?p=257","title":{"rendered":"M\u00e5nadens bild december."},"content":{"rendered":"<p><img loading=\"lazy\" decoding=\"async\" class=\"alignnone size-medium wp-image-258\" title=\"konsumkasse\" src=\"http:\/\/hembygd.junselebyar.se\/nyheter\/wp-content\/uploads\/2010\/11\/konsumkasse-261x300.jpg\" alt=\"konsumkasse\" width=\"261\" height=\"300\" \/><\/p>\n<p>Vem minns denna kasse? Den kommer fr\u00e5n Konsum, det st\u00e5r tryckt p\u00e5 sidan, men \u00e5rtalet \u00e4r tyv\u00e4rr ok\u00e4nt. I storlek \u00e4r den bara h\u00e4lften s\u00e5 stor som dagens matkasse och det kan nog betyda att det inte handlades lika mycket f\u00f6rr i tiden.<\/p>\n<p>\u00a0Sedan n\u00e5gra \u00e5r tillbaka \u00e4r Konsum nedlagt i Junsele och dess tid i h\u00e4r blev cirka hundra \u00e5r.<\/p>\n<p>\u00a0F\u00f6reg\u00e5ngaren till Konsum i Junsele startades 1905 av inspektorerna A. T. Swanstr\u00f6m och B. Mildh och skogvaktaren Johannes Johansson samt kronoj\u00e4gare E Hedman. Sin f\u00f6rening kallade de, r\u00e4tt och sl\u00e4tt, f\u00f6r Junsele Handelsaktiebolag.<\/p>\n<p>\u00a0Att det bildades f\u00f6reningshandelsbodar i Sverige anges ofta ha varit missn\u00f6je med handelns prispolitik. Dessutom troddes det allm\u00e4nt att detaljhandeln tj\u00e4nade grova pengar och sj\u00e4lvklart ville man dela denna f\u00f6rm\u00e5n: bolag bildades, aktier k\u00f6ptes och s\u00e5 v\u00e4ntade man p\u00e5 vinsterna vilka oftast uteblev.<\/p>\n<p>\u00a0Junsele Handelsaktiebolag var avsedd f\u00f6r arbetarna, dock inte \u00e4gda och styrda av dessa. Bolagets grundsats var att tillhandah\u00e5lla bra varor till billigt pris i n\u00e4ra anslutning till skogsarbetarnas arbetsplatser. F\u00f6r detta \u00e4ndam\u00e5l \u00f6ppnades f\u00f6rr\u00e5dsbodar uti i skogarna eller inhyst hos n\u00e5gon betrodd skogsarbetare. Till en b\u00f6rjan f\u00f6rs\u00f6kte man i m\u00f6jligast m\u00e5n s\u00e4lja kontant f\u00f6r att <em>\u201d\u2026undkomma on\u00f6dig bokf\u00f6ring och f\u00f6rluster\u2026\u201d<\/em>. Kredithandeln blev dock snart allenar\u00e5dande.<\/p>\n<p>\u00a0Lokal i Kr\u00e5nge, best\u00e5ende av butik, packbod, kontor samt en \u00f6vre v\u00e5ning, hyrdes av handlaren O. P. Edins sterbhus. Butiksinredning samt en del av Edins sortiment k\u00f6ptes ocks\u00e5 in av det nybildade bolaget. \u00c4ven delar av varulager fr\u00e5n f\u00f6re detta handlaren i Eden, Gustaf Jacobsson, k\u00f6ptes och kommersen kunde b\u00f6rja.<\/p>\n<p>\u00a0Efter det att Junsele Handelsaktiebolag avvecklat sin r\u00f6relse 1911 startade Junsele Hush\u00e5llsf\u00f6rening. Denna f\u00f6rening ombildades senare till Junselelidens kooperativa Handelsf\u00f6rening som idag allm\u00e4nt kallas Gammkonsum. Kanske h\u00f6r denna kasse den tiden till?<\/p>\n<p>\/Ulla<\/p>\n","protected":false},"excerpt":{"rendered":"<p>Vem minns denna kasse? Den kommer fr\u00e5n Konsum, det st\u00e5r tryckt p\u00e5 sidan, men \u00e5rtalet \u00e4r tyv\u00e4rr ok\u00e4nt. I storlek \u00e4r den bara h\u00e4lften s\u00e5 stor som dagens matkasse och det kan nog betyda att det inte handlades lika mycket f\u00f6rr i tiden. \u00a0Sedan n\u00e5gra \u00e5r tillbaka \u00e4r Konsum nedlagt i Junsele och dess tid&#8230;<\/p>\n","protected":false},"author":4,"featured_media":0,"comment_status":"open","ping_status":"open","sticky":false,"template":"","format":"standard","meta":{"footnotes":""},"categories":[9],"tags":[],"class_list":["post-257","post","type-post","status-publish","format-standard","hentry","category-manadensbild"],"_links":{"self":[{"href":"https:\/\/hembygd.junselebyar.se\/index.php?rest_route=\/wp\/v2\/posts\/257","targetHints":{"allow":["GET"]}}],"collection":[{"href":"https:\/\/hembygd.junselebyar.se\/index.php?rest_route=\/wp\/v2\/posts"}],"about":[{"href":"https:\/\/hembygd.junselebyar.se\/index.php?rest_route=\/wp\/v2\/types\/post"}],"author":[{"embeddable":true,"href":"https:\/\/hembygd.junselebyar.se\/index.php?rest_route=\/wp\/v2\/users\/4"}],"replies":[{"embeddable":true,"href":"https:\/\/hembygd.junselebyar.se\/index.php?rest_route=%2Fwp%2Fv2%2Fcomments&post=257"}],"version-history":[{"count":0,"href":"https:\/\/hembygd.junselebyar.se\/index.php?rest_route=\/wp\/v2\/posts\/257\/revisions"}],"wp:attachment":[{"href":"https:\/\/hembygd.junselebyar.se\/index.php?rest_route=%2Fwp%2Fv2%2Fmedia&parent=257"}],"wp:term":[{"taxonomy":"category","embeddable":true,"href":"https:\/\/hembygd.junselebyar.se\/index.php?rest_route=%2Fwp%2Fv2%2Fcategories&post=257"},{"taxonomy":"post_tag","embeddable":true,"href":"https:\/\/hembygd.junselebyar.se\/index.php?rest_route=%2Fwp%2Fv2%2Ftags&post=257"}],"curies":[{"name":"wp","href":"https:\/\/api.w.org\/{rel}","templated":true}]}}