{"id":248,"date":"2010-10-26T09:48:03","date_gmt":"2010-10-26T07:48:03","guid":{"rendered":"http:\/\/hembygd.junselebyar.se\/nyheter\/?p=248"},"modified":"2010-10-26T09:48:03","modified_gmt":"2010-10-26T07:48:03","slug":"manadens-bild-i-november","status":"publish","type":"post","link":"https:\/\/hembygd.junselebyar.se\/?p=248","title":{"rendered":"M\u00e5nadens bild i november"},"content":{"rendered":"<p><img decoding=\"async\" class=\"alignnone size-full wp-image-249\" title=\"sal nilsson lilleg\u00e5rd f\u00f6dd 1810\" src=\"http:\/\/hembygd.junselebyar.se\/nyheter\/wp-content\/uploads\/2010\/10\/sal-nilsson-lilleg\u00e5rd-f\u00f6dd-1810.bmp\" alt=\"sal nilsson lilleg\u00e5rd f\u00f6dd 1810\" \/><\/p>\n<p>Fotografiet visar en man och en kvinna, men detta \u00e4r inte vilket fotografi som helst. Detta fotografi \u00e4r betydligt m\u00e4rkv\u00e4rdigare \u00e4n s\u00e5. Fotografiet f\u00f6rest\u00e4ller de f\u00f6rsta avportr\u00e4tterade personerna fr\u00e5n Junsele socken. Var de fotograferade sig och av vem det vet vi inte men, det vi med s\u00e4kerhet vet \u00e4r att paret f\u00f6rest\u00e4ller Salomon Nilsson och hans hustru Katarina Danielsdotter fr\u00e5n Lilleg\u00e5rd. Tiden \u00e4r omkring 1870, rentav \u00e4nnu tidigare.<\/p>\n<p>\u00a0Att g\u00e5 till fotografen blev popul\u00e4rt i Europa under 1840-talet och snabbt n\u00e5dde nymodigheten Sverige. Kringresande fotografer kom och satte upp sina portabla studior i st\u00e4der s\u00e5v\u00e4l som p\u00e5 landsbygden. \u00a0Kanske bes\u00f6kte Salomon och Kajsa en s\u00e5dan tillf\u00e4llig studio under ett marknadsbes\u00f6k i Sollefte\u00e5. Ja, vem vet.<\/p>\n<p>\u00a0Allt ser i alla fall precis ut som den d\u00e4r g\u00e5ngen f\u00f6r l\u00e4nge sedan. Salomon \u00e4r omkring sextio \u00e5r gammal och Kajsa tre \u00e5r yngre. De \u00e4r vid tillf\u00e4llet kl\u00e4dda i helgdagskl\u00e4der och Kajsa har dessutom en svart kyrksjal runt halsen. Salomon \u00e4r l\u00e4tt hopsjunken, Kajsa mer rak i ryggen och b\u00e5da med en lugn, stilla blick. Inget i v\u00e4rlden, inte ens fotografens starka blixt, rubbade dessa jordn\u00e4ra personer. Det gamla paret p\u00e5 fotot f\u00f6rmedlar en intensiv k\u00e4nsla av n\u00e4rvaro.<\/p>\n<p>\u00a0Med sig hem hade Salomon och Kajsa ett antal fotografier med h\u00e5rd baksida, de fick popul\u00e4rt namnet visitkort och kunde ges till sl\u00e4kt och v\u00e4nner. Av detta visitkort gjorde Salomon samtidigt en f\u00f6rstoring, kopierat p\u00e5 preparerat linnetyg.<\/p>\n<p>\u00a0Sannolikt mindes paret \u00f6gonblicket hos fotografen hela livet men kunde de ana att vi idag, mer \u00e4n etthundrafyrtio \u00e5r senare, ocks\u00e5 skulle titta p\u00e5 dem. Och f\u00f6rundras.<\/p>\n<p>\u00a0Junsele hembygdsf\u00f6rening \u00e4r \u00e4gare till ett stort antal visitkort och just detta kort \u00e4r det allra f\u00f6rsta.<\/p>\n<p>\u00a0\/Ulla<\/p>\n","protected":false},"excerpt":{"rendered":"<p>Fotografiet visar en man och en kvinna, men detta \u00e4r inte vilket fotografi som helst. Detta fotografi \u00e4r betydligt m\u00e4rkv\u00e4rdigare \u00e4n s\u00e5. Fotografiet f\u00f6rest\u00e4ller de f\u00f6rsta avportr\u00e4tterade personerna fr\u00e5n Junsele socken. Var de fotograferade sig och av vem det vet vi inte men, det vi med s\u00e4kerhet vet \u00e4r att paret f\u00f6rest\u00e4ller Salomon Nilsson och&#8230;<\/p>\n","protected":false},"author":4,"featured_media":0,"comment_status":"open","ping_status":"open","sticky":false,"template":"","format":"standard","meta":{"footnotes":""},"categories":[9],"tags":[],"class_list":["post-248","post","type-post","status-publish","format-standard","hentry","category-manadensbild"],"_links":{"self":[{"href":"https:\/\/hembygd.junselebyar.se\/index.php?rest_route=\/wp\/v2\/posts\/248","targetHints":{"allow":["GET"]}}],"collection":[{"href":"https:\/\/hembygd.junselebyar.se\/index.php?rest_route=\/wp\/v2\/posts"}],"about":[{"href":"https:\/\/hembygd.junselebyar.se\/index.php?rest_route=\/wp\/v2\/types\/post"}],"author":[{"embeddable":true,"href":"https:\/\/hembygd.junselebyar.se\/index.php?rest_route=\/wp\/v2\/users\/4"}],"replies":[{"embeddable":true,"href":"https:\/\/hembygd.junselebyar.se\/index.php?rest_route=%2Fwp%2Fv2%2Fcomments&post=248"}],"version-history":[{"count":0,"href":"https:\/\/hembygd.junselebyar.se\/index.php?rest_route=\/wp\/v2\/posts\/248\/revisions"}],"wp:attachment":[{"href":"https:\/\/hembygd.junselebyar.se\/index.php?rest_route=%2Fwp%2Fv2%2Fmedia&parent=248"}],"wp:term":[{"taxonomy":"category","embeddable":true,"href":"https:\/\/hembygd.junselebyar.se\/index.php?rest_route=%2Fwp%2Fv2%2Fcategories&post=248"},{"taxonomy":"post_tag","embeddable":true,"href":"https:\/\/hembygd.junselebyar.se\/index.php?rest_route=%2Fwp%2Fv2%2Ftags&post=248"}],"curies":[{"name":"wp","href":"https:\/\/api.w.org\/{rel}","templated":true}]}}