{"id":216,"date":"2010-09-13T07:44:02","date_gmt":"2010-09-13T05:44:02","guid":{"rendered":"http:\/\/hembygd.junselebyar.se\/nyheter\/?p=216"},"modified":"2010-09-13T07:44:02","modified_gmt":"2010-09-13T05:44:02","slug":"brollop-pa-hembygdsgarden","status":"publish","type":"post","link":"https:\/\/hembygd.junselebyar.se\/?p=216","title":{"rendered":"Br\u00f6llop p\u00e5 hembygdsg\u00e5rden"},"content":{"rendered":"<figure id=\"attachment_217\" aria-describedby=\"caption-attachment-217\" style=\"width: 262px\" class=\"wp-caption alignnone\"><img loading=\"lazy\" decoding=\"async\" class=\"size-medium wp-image-217 \" title=\"brudpar i plast\" src=\"http:\/\/hembygd.junselebyar.se\/nyheter\/wp-content\/uploads\/2010\/09\/brudpar-i-plast-262x300.jpg\" alt=\"L\u00f6rdagen den 4 september 2010 vigdes Maria Selin och Peter Johansson p\u00e5 Junsele hembygdsg\u00e5rd. Maria \u00e4r dotter till hembygdsf\u00f6reningens f\u00f6rre ordf\u00f6rande och Peter \u00e4r redakt\u00f6r p\u00e5 Sveriges hembygdsf\u00f6rbund. Vi s\u00e4ger stort grattis och lycka till!\" width=\"262\" height=\"300\" \/><figcaption id=\"caption-attachment-217\" class=\"wp-caption-text\">brudpar i plast<\/figcaption><\/figure>\n<div class=\"mceTemp\">L\u00f6rdagen den 4 september 2010 vigdes Maria Selin och Peter Johansson p\u00e5 Junsele hembygdsg\u00e5rd. Maria \u00e4r dotter till hembygdsf\u00f6reningens f\u00f6rre ordf\u00f6rande och Peter \u00e4r redakt\u00f6r p\u00e5 Sveriges hembygdsf\u00f6rbund. Vi s\u00e4ger stort grattis och lycka till!<\/div>\n","protected":false},"excerpt":{"rendered":"<p>L\u00f6rdagen den 4 september 2010 vigdes Maria Selin och Peter Johansson p\u00e5 Junsele hembygdsg\u00e5rd. Maria \u00e4r dotter till hembygdsf\u00f6reningens f\u00f6rre ordf\u00f6rande och Peter \u00e4r redakt\u00f6r p\u00e5 Sveriges hembygdsf\u00f6rbund. Vi s\u00e4ger stort grattis och lycka till!<\/p>\n","protected":false},"author":4,"featured_media":0,"comment_status":"open","ping_status":"open","sticky":false,"template":"","format":"standard","meta":{"footnotes":""},"categories":[3],"tags":[],"class_list":["post-216","post","type-post","status-publish","format-standard","hentry","category-aktuellt"],"_links":{"self":[{"href":"https:\/\/hembygd.junselebyar.se\/index.php?rest_route=\/wp\/v2\/posts\/216","targetHints":{"allow":["GET"]}}],"collection":[{"href":"https:\/\/hembygd.junselebyar.se\/index.php?rest_route=\/wp\/v2\/posts"}],"about":[{"href":"https:\/\/hembygd.junselebyar.se\/index.php?rest_route=\/wp\/v2\/types\/post"}],"author":[{"embeddable":true,"href":"https:\/\/hembygd.junselebyar.se\/index.php?rest_route=\/wp\/v2\/users\/4"}],"replies":[{"embeddable":true,"href":"https:\/\/hembygd.junselebyar.se\/index.php?rest_route=%2Fwp%2Fv2%2Fcomments&post=216"}],"version-history":[{"count":0,"href":"https:\/\/hembygd.junselebyar.se\/index.php?rest_route=\/wp\/v2\/posts\/216\/revisions"}],"wp:attachment":[{"href":"https:\/\/hembygd.junselebyar.se\/index.php?rest_route=%2Fwp%2Fv2%2Fmedia&parent=216"}],"wp:term":[{"taxonomy":"category","embeddable":true,"href":"https:\/\/hembygd.junselebyar.se\/index.php?rest_route=%2Fwp%2Fv2%2Fcategories&post=216"},{"taxonomy":"post_tag","embeddable":true,"href":"https:\/\/hembygd.junselebyar.se\/index.php?rest_route=%2Fwp%2Fv2%2Ftags&post=216"}],"curies":[{"name":"wp","href":"https:\/\/api.w.org\/{rel}","templated":true}]}}