{"id":157,"date":"2010-08-16T08:28:53","date_gmt":"2010-08-16T06:28:53","guid":{"rendered":"http:\/\/hembygd.junselebyar.se\/nyheter\/?p=157"},"modified":"2010-08-16T08:28:53","modified_gmt":"2010-08-16T06:28:53","slug":"hembygdsdagen-2010","status":"publish","type":"post","link":"https:\/\/hembygd.junselebyar.se\/?p=157","title":{"rendered":"Hembygdsdagen 2010"},"content":{"rendered":"<figure id=\"attachment_158\" aria-describedby=\"caption-attachment-158\" style=\"width: 341px\" class=\"wp-caption alignnone\"><img loading=\"lazy\" decoding=\"async\" class=\"size-full wp-image-158     \" title=\"Kolbullar\" src=\"http:\/\/hembygd.junselebyar.se\/nyheter\/wp-content\/uploads\/2010\/08\/Kolbullar.jpg\" alt=\"Kalle och Gustaf-Emil stekte kolbullar\" width=\"341\" height=\"255\" \/><figcaption id=\"caption-attachment-158\" class=\"wp-caption-text\">Kalle och Gustaf-Emil stekte kolbullar<\/figcaption><\/figure>\n<p>\u00c4nnu en hembygdsdag gick av stapeln ig\u00e5r (15 augusti). Det var tyv\u00e4rr inte riktigt lika m\u00e5nga bes\u00f6kare som f\u00f6rra \u00e5ret, men det var fint v\u00e4der och bes\u00f6karna verkade trivas. M\u00e5nga k\u00f6ade vid kolbullestationen d\u00e4r Karl-Emil Sj\u00f6quist och Gustaf-Emil Nilsson stekte och serverade p\u00e5 l\u00f6pande band. I anslutning visade G\u00f6ran hur man pinnade r\u00e4fsor. \u00c4ven i \u00e5r imponerades bes\u00f6karna av den fina uts\u00e4llningen av lappt\u00e4cken i logen. Torghandel fanns nere vid bryggstugan och duon G\u00f6ran Stenmark och Lena Eriksson underh\u00f6ll med bl.a. gitarr, s\u00e5ng och nyckelharpa under dagen. V\u00e5fflor serverades i serverningsstugan och kaffe i mang\u00e5rdsbyggnaden. Vi fick m\u00e5nga lovord \u00f6ver &#8221;Nicke-rummet&#8221;.<\/p>\n<figure id=\"attachment_163\" aria-describedby=\"caption-attachment-163\" style=\"width: 386px\" class=\"wp-caption alignnone\"><img loading=\"lazy\" decoding=\"async\" class=\"size-full wp-image-163     \" title=\"uppackning av torgvaror\" src=\"http:\/\/hembygd.junselebyar.se\/nyheter\/wp-content\/uploads\/2010\/08\/uppackning-av-torgvaror.JPG\" alt=\"Uppackning av torgvaror\" width=\"386\" height=\"301\" \/><figcaption id=\"caption-attachment-163\" class=\"wp-caption-text\">Uppackning av torgvaror<\/figcaption><\/figure>\n","protected":false},"excerpt":{"rendered":"<p>\u00c4nnu en hembygdsdag gick av stapeln ig\u00e5r (15 augusti). Det var tyv\u00e4rr inte riktigt lika m\u00e5nga bes\u00f6kare som f\u00f6rra \u00e5ret, men det var fint v\u00e4der och bes\u00f6karna verkade trivas. M\u00e5nga k\u00f6ade vid kolbullestationen d\u00e4r Karl-Emil Sj\u00f6quist och Gustaf-Emil Nilsson stekte och serverade p\u00e5 l\u00f6pande band. I anslutning visade G\u00f6ran hur man pinnade r\u00e4fsor. \u00c4ven i&#8230;<\/p>\n","protected":false},"author":4,"featured_media":0,"comment_status":"open","ping_status":"open","sticky":false,"template":"","format":"standard","meta":{"footnotes":""},"categories":[3],"tags":[],"class_list":["post-157","post","type-post","status-publish","format-standard","hentry","category-aktuellt"],"_links":{"self":[{"href":"https:\/\/hembygd.junselebyar.se\/index.php?rest_route=\/wp\/v2\/posts\/157","targetHints":{"allow":["GET"]}}],"collection":[{"href":"https:\/\/hembygd.junselebyar.se\/index.php?rest_route=\/wp\/v2\/posts"}],"about":[{"href":"https:\/\/hembygd.junselebyar.se\/index.php?rest_route=\/wp\/v2\/types\/post"}],"author":[{"embeddable":true,"href":"https:\/\/hembygd.junselebyar.se\/index.php?rest_route=\/wp\/v2\/users\/4"}],"replies":[{"embeddable":true,"href":"https:\/\/hembygd.junselebyar.se\/index.php?rest_route=%2Fwp%2Fv2%2Fcomments&post=157"}],"version-history":[{"count":0,"href":"https:\/\/hembygd.junselebyar.se\/index.php?rest_route=\/wp\/v2\/posts\/157\/revisions"}],"wp:attachment":[{"href":"https:\/\/hembygd.junselebyar.se\/index.php?rest_route=%2Fwp%2Fv2%2Fmedia&parent=157"}],"wp:term":[{"taxonomy":"category","embeddable":true,"href":"https:\/\/hembygd.junselebyar.se\/index.php?rest_route=%2Fwp%2Fv2%2Fcategories&post=157"},{"taxonomy":"post_tag","embeddable":true,"href":"https:\/\/hembygd.junselebyar.se\/index.php?rest_route=%2Fwp%2Fv2%2Ftags&post=157"}],"curies":[{"name":"wp","href":"https:\/\/api.w.org\/{rel}","templated":true}]}}