{"id":137,"date":"2010-08-02T06:44:33","date_gmt":"2010-08-02T04:44:33","guid":{"rendered":"http:\/\/hembygd.junselebyar.se\/nyheter\/?p=137"},"modified":"2010-08-02T06:44:33","modified_gmt":"2010-08-02T04:44:33","slug":"nickerummet","status":"publish","type":"post","link":"https:\/\/hembygd.junselebyar.se\/?p=137","title":{"rendered":"Nickerummet"},"content":{"rendered":"<figure id=\"attachment_236\" aria-describedby=\"caption-attachment-236\" style=\"width: 225px\" class=\"wp-caption alignnone\"><a href=\"http:\/\/hembygd.junselebyar.se\/nyheter\/wp-content\/uploads\/2010\/08\/Nickerum11.jpg\"><img loading=\"lazy\" decoding=\"async\" class=\"size-medium wp-image-236\" title=\"Inrett med m\u00f6bler fr\u00e5n R\u00f6\u00e5n\" src=\"http:\/\/hembygd.junselebyar.se\/nyheter\/wp-content\/uploads\/2010\/08\/Nickerum11-225x300.jpg\" alt=\"Inrett med m\u00f6bler fr\u00e5n R\u00f6\u00e5n\" width=\"225\" height=\"300\" \/><\/a><figcaption id=\"caption-attachment-236\" class=\"wp-caption-text\">Inrett med m\u00f6bler fr\u00e5n R\u00f6\u00e5n<\/figcaption><\/figure>\n<p>Vi har n\u00e4mnt invigningen av Sj\u00f6dinrummet, men inte visat n\u00e5gon bild hur det blev f\u00f6r er som inte har haft m\u00f6jlighet att bes\u00f6ka hembygsg\u00e5rden i sommar. Det kallas redan f\u00f6r Nickerummet men vi b\u00f6r till\u00e4gga att det i lika h\u00f6g grad till\u00e4gnas Nickes far Rickard Sj\u00f6din, vilken \u00e4ven han var produktiv f\u00f6rfattare.<\/p>\n<figure id=\"attachment_142\" aria-describedby=\"caption-attachment-142\" style=\"width: 318px\" class=\"wp-caption alignnone\"><img loading=\"lazy\" decoding=\"async\" class=\"size-full wp-image-142     \" title=\"Nickerum 2\" src=\"http:\/\/hembygd.junselebyar.se\/nyheter\/wp-content\/uploads\/2010\/08\/Nickerum-2.jpg\" alt=\"Via en datask\u00e4rm kan man h\u00f6ra och se Nicke\" width=\"318\" height=\"239\" \/><figcaption id=\"caption-attachment-142\" class=\"wp-caption-text\">Via en datask\u00e4rm kan man h\u00f6ra och se Nicke<\/figcaption><\/figure>\n","protected":false},"excerpt":{"rendered":"<p>Vi har n\u00e4mnt invigningen av Sj\u00f6dinrummet, men inte visat n\u00e5gon bild hur det blev f\u00f6r er som inte har haft m\u00f6jlighet att bes\u00f6ka hembygsg\u00e5rden i sommar. Det kallas redan f\u00f6r Nickerummet men vi b\u00f6r till\u00e4gga att det i lika h\u00f6g grad till\u00e4gnas Nickes far Rickard Sj\u00f6din, vilken \u00e4ven han var produktiv f\u00f6rfattare.<\/p>\n","protected":false},"author":4,"featured_media":0,"comment_status":"open","ping_status":"open","sticky":false,"template":"","format":"standard","meta":{"footnotes":""},"categories":[10],"tags":[],"class_list":["post-137","post","type-post","status-publish","format-standard","hentry","category-nicke-sjodins-rum"],"_links":{"self":[{"href":"https:\/\/hembygd.junselebyar.se\/index.php?rest_route=\/wp\/v2\/posts\/137","targetHints":{"allow":["GET"]}}],"collection":[{"href":"https:\/\/hembygd.junselebyar.se\/index.php?rest_route=\/wp\/v2\/posts"}],"about":[{"href":"https:\/\/hembygd.junselebyar.se\/index.php?rest_route=\/wp\/v2\/types\/post"}],"author":[{"embeddable":true,"href":"https:\/\/hembygd.junselebyar.se\/index.php?rest_route=\/wp\/v2\/users\/4"}],"replies":[{"embeddable":true,"href":"https:\/\/hembygd.junselebyar.se\/index.php?rest_route=%2Fwp%2Fv2%2Fcomments&post=137"}],"version-history":[{"count":0,"href":"https:\/\/hembygd.junselebyar.se\/index.php?rest_route=\/wp\/v2\/posts\/137\/revisions"}],"wp:attachment":[{"href":"https:\/\/hembygd.junselebyar.se\/index.php?rest_route=%2Fwp%2Fv2%2Fmedia&parent=137"}],"wp:term":[{"taxonomy":"category","embeddable":true,"href":"https:\/\/hembygd.junselebyar.se\/index.php?rest_route=%2Fwp%2Fv2%2Fcategories&post=137"},{"taxonomy":"post_tag","embeddable":true,"href":"https:\/\/hembygd.junselebyar.se\/index.php?rest_route=%2Fwp%2Fv2%2Ftags&post=137"}],"curies":[{"name":"wp","href":"https:\/\/api.w.org\/{rel}","templated":true}]}}