{"id":108,"date":"2010-07-10T22:18:07","date_gmt":"2010-07-10T20:18:07","guid":{"rendered":"http:\/\/hembygd.junselebyar.se\/nyheter\/?p=108"},"modified":"2010-07-10T22:18:07","modified_gmt":"2010-07-10T20:18:07","slug":"nickes-rum-invigt","status":"publish","type":"post","link":"https:\/\/hembygd.junselebyar.se\/?p=108","title":{"rendered":"Nickes rum invigd med minnesf\u00f6rest\u00e4llning"},"content":{"rendered":"<figure id=\"attachment_109\" aria-describedby=\"caption-attachment-109\" style=\"width: 300px\" class=\"wp-caption alignnone\"><a href=\"http:\/\/hembygd.junselebyar.se\/nyheter\/wp-content\/uploads\/2010\/07\/Nicke_2010_0272.jpg\"><img loading=\"lazy\" decoding=\"async\" class=\"size-medium wp-image-109 \" title=\"Jerker \u00f6verl\u00e4mnar fotografiet av R\u00f6\u00e5ns fotbollslag till Hembygdsf\u00f6reningens G\u00f6ran Stenmark.\" src=\"http:\/\/hembygd.junselebyar.se\/nyheter\/wp-content\/uploads\/2010\/07\/Nicke_2010_0272-300x225.jpg\" alt=\"Jerker \u00f6verl\u00e4mnar fotografiet av R\u00f6\u00e5ns fotbollslag till G\u00f6ran.\" width=\"300\" height=\"225\" \/><\/a><figcaption id=\"caption-attachment-109\" class=\"wp-caption-text\">Jerker \u00f6verl\u00e4mnar fotografiet av R\u00f6\u00e5ns fotbollslag till Hembygdsf\u00f6reningens G\u00f6ran Stenmark.<\/figcaption><\/figure>\n<p>Idag invigdes Nickes rum, bel\u00e4get uppe i caf\u00e9huset p\u00e5 Hembygdsg\u00e5rden.<\/p>\n<p>Jerker inledde med att ge Hembygdsf\u00f6reningen fotografiet av\u00a0R\u00f6\u00e5ns legendariska fotbollslag, med bl.a. Nicke och inte minst &#8221;Lagledarn&#8221;.\u00a0\u00a0<\/p>\n<p>Samtidigt var det ocks\u00e5 premi\u00e4r f\u00f6r familjens f\u00f6rest\u00e4llning om Nicke. Hervor och Jacke Sj\u00f6din tillsammans med Cissi Jakobsson och J\u00f6rgen \u00c5slund underh\u00f6ll.<\/p>\n<p>\u00a0<\/p>\n<figure id=\"attachment_111\" aria-describedby=\"caption-attachment-111\" style=\"width: 300px\" class=\"wp-caption alignnone\"><a href=\"http:\/\/hembygd.junselebyar.se\/nyheter\/wp-content\/uploads\/2010\/07\/Nicke_2010_0271.jpg\"><img loading=\"lazy\" decoding=\"async\" class=\"size-medium wp-image-111\" title=\"Jacke, Jerker, Hervor, Cissi (skymd) och J\u00f6rgen\" src=\"http:\/\/hembygd.junselebyar.se\/nyheter\/wp-content\/uploads\/2010\/07\/Nicke_2010_0271-300x200.jpg\" alt=\"Jacke, Jerker, Hervor, Cissi (skymd) och J\u00f6rgen\" width=\"300\" height=\"200\" \/><\/a><figcaption id=\"caption-attachment-111\" class=\"wp-caption-text\">Jacke, Jerker, Hervor, Cissi (skymd) och J\u00f6rgen<\/figcaption><\/figure>\n<p>F\u00f6rest\u00e4llningen\u00a0sp\u00e4nde mellan\u00a0mycket vemod och stort skratt.\u00a0 Hervor och \u00e4ven publiken fick f\u00f6rs\u00f6ka h\u00e5lla t\u00e5rarna borta vid flera tillf\u00e4llen.<\/p>\n<p>Cissi och J\u00f6rgen, som\u00a0\u00e4r gamla\u00a0medverkande i\u00a0Nickes revyer, gjorde\u00a0mycket bejublade s\u00e5nginsatser f\u00f6r publiken.\u00a0<\/p>\n<p>I publiken fanns deltagare i \u00d6stanb\u00e4cks sl\u00e4ktf\u00f6rening som senare denna dag fortsatte med att se H\u00e5lla Beach Bojs och Lars Molins &#8221;En kunglig toilett&#8221; p\u00e5 Forum.<\/p>\n<p>Nicke Sj\u00f6din sj\u00e4lv b\u00f6rjade och avslutade f\u00f6rest\u00e4llningen &#8211;\u00a0dock\u00a0\u00a0inspelad.<\/p>\n","protected":false},"excerpt":{"rendered":"<p>Idag invigdes Nickes rum, bel\u00e4get uppe i caf\u00e9huset p\u00e5 Hembygdsg\u00e5rden. Jerker inledde med att ge Hembygdsf\u00f6reningen fotografiet av\u00a0R\u00f6\u00e5ns legendariska fotbollslag, med bl.a. Nicke och inte minst &#8221;Lagledarn&#8221;.\u00a0\u00a0 Samtidigt var det ocks\u00e5 premi\u00e4r f\u00f6r familjens f\u00f6rest\u00e4llning om Nicke. Hervor och Jacke Sj\u00f6din tillsammans med Cissi Jakobsson och J\u00f6rgen \u00c5slund underh\u00f6ll. \u00a0 F\u00f6rest\u00e4llningen\u00a0sp\u00e4nde mellan\u00a0mycket vemod och stort&#8230;<\/p>\n","protected":false},"author":4,"featured_media":0,"comment_status":"open","ping_status":"open","sticky":false,"template":"","format":"standard","meta":{"footnotes":""},"categories":[10],"tags":[],"class_list":["post-108","post","type-post","status-publish","format-standard","hentry","category-nicke-sjodins-rum"],"_links":{"self":[{"href":"https:\/\/hembygd.junselebyar.se\/index.php?rest_route=\/wp\/v2\/posts\/108","targetHints":{"allow":["GET"]}}],"collection":[{"href":"https:\/\/hembygd.junselebyar.se\/index.php?rest_route=\/wp\/v2\/posts"}],"about":[{"href":"https:\/\/hembygd.junselebyar.se\/index.php?rest_route=\/wp\/v2\/types\/post"}],"author":[{"embeddable":true,"href":"https:\/\/hembygd.junselebyar.se\/index.php?rest_route=\/wp\/v2\/users\/4"}],"replies":[{"embeddable":true,"href":"https:\/\/hembygd.junselebyar.se\/index.php?rest_route=%2Fwp%2Fv2%2Fcomments&post=108"}],"version-history":[{"count":0,"href":"https:\/\/hembygd.junselebyar.se\/index.php?rest_route=\/wp\/v2\/posts\/108\/revisions"}],"wp:attachment":[{"href":"https:\/\/hembygd.junselebyar.se\/index.php?rest_route=%2Fwp%2Fv2%2Fmedia&parent=108"}],"wp:term":[{"taxonomy":"category","embeddable":true,"href":"https:\/\/hembygd.junselebyar.se\/index.php?rest_route=%2Fwp%2Fv2%2Fcategories&post=108"},{"taxonomy":"post_tag","embeddable":true,"href":"https:\/\/hembygd.junselebyar.se\/index.php?rest_route=%2Fwp%2Fv2%2Ftags&post=108"}],"curies":[{"name":"wp","href":"https:\/\/api.w.org\/{rel}","templated":true}]}}